{"id":363367,"date":"2017-04-10T13:06:00","date_gmt":"2017-04-10T10:06:00","guid":{"rendered":"https:\/\/analyse.optim.biz\/?p=363367"},"modified":"2017-04-10T13:06:00","modified_gmt":"2017-04-10T10:06:00","slug":"florin-iordache-audiat-in-dosarul-oug-13","status":"publish","type":"post","link":"https:\/\/analyse.optim.biz\/?p=363367","title":{"rendered":"Florin Iordache, AUDIAT \u00een dosarul OUG 13"},"content":{"rendered":"<div class=\"description\" data-key=\"description\">Fostul ministru al Justi\u021biei Florin Iordache a fost audiat de procurorii Parchetului de pe l\u00e2ng\u0103 \u00cenalta Curte de Casa\u021bie \u0219i Justi\u021bie (P\u00ceCCJ), la finalul s\u0103pt\u0103m\u00e2nii trecute, \u00een dosarul \u00een care se fac cercet\u0103ri cu privire la OUG 13\/2017, au declarat surse judiciare pentru AGERPRES.<\/div>\n<div class=\"articleBody\" data-key=\"articleBody\">Fostul ministru al Justi\u021biei Florin Iordache a fost audiat de procurorii Parchetului de pe l\u00e2ng\u0103 \u00cenalta Curte de Casa\u021bie \u0219i Justi\u021bie (P\u00ceCCJ), la finalul s\u0103pt\u0103m\u00e2nii trecute, \u00een dosarul \u00een care se fac cercet\u0103ri cu privire la OUG 13\/2017, au declarat surse judiciare pentru AGERPRES.<\/p>\n<p>Potrivit surselor citate, Florin Iordache a declara\u021bii, vineri, \u00een calitate de martor.<\/p>\n<p>Parchetul General anun\u021ba, pe 13 martie, c\u0103 ancheta privind OUG 13 este \u00een curs de desf\u0103\u0219urare \u0219i prive\u0219te s\u0103v\u00e2r\u0219irea mai multor infrac\u021biuni, subliniind c\u0103 procurorul &#8216;are obliga\u021bia de a asigura, pe baz\u0103 de probe, aflarea adev\u0103rului&#8217;.<\/p>\n<p>&#8220;Cauza se afl\u0103 pe rolul Sec\u021biei de urm\u0103rire penal\u0103 \u0219i criminalistic\u0103 din cadrul Parchetului de pe l\u00e2ng\u0103 \u00cenalta Curte de Casa\u021bie \u0219i Justi\u021bie, investiga\u021bia este \u00een curs \u0219i prive\u0219te urm\u0103toarele fapte prev\u0103zute de legea penal\u0103: sustragerea sau distrugerea de \u00eenscrisuri, fals intelectual, favorizarea f\u0103ptuitorului, prezentarea cu rea-credin\u021b\u0103 de date inexacte Parlamentului sau pre\u0219edintelui Rom\u00e2niei cu privire la activitatea Guvernului sau a unui minister, pentru a ascunde s\u0103v\u00e2r\u0219irea unor fapte de natur\u0103 s\u0103 aduc\u0103 atingere intereselor statului, prev. de art.8 alin. 1 lit.b din Legea 115\/1999, sustragerea sau distrugerea de probe sau \u00eenscrisuri&#8221;, informa Parchetul General.<\/p>\n<p>Potrivit sursei citate, dosarul a fost \u00eenregistrat la Sec\u021bia de urm\u0103rire penal\u0103 \u0219i criminalistic\u0103 ca urmare a declin\u0103rii acestuia de c\u0103tre Direc\u021bia Na\u021bional\u0103 Anticorup\u021bie.<\/p>\n<p>&#8220;Aceast\u0103 structur\u0103 a fost investit\u0103 cu o cauz\u0103 privind s\u0103v\u00e2r\u0219irea unor fapte prev\u0103zute de legea penal\u0103, respectiv: favorizarea f\u0103ptuitorului; prezentarea cu rea-credin\u021b\u0103 de date inexacte, Parlamentului sau pre\u0219edintelui Rom\u00e2niei cu privire la activitatea Guvernului sau a unui minister, pentru a ascunde s\u0103v\u00e2r\u0219irea unor fapte de natur\u0103 s\u0103 aduc\u0103 atingere intereselor statului, prev.de art. 8 alin 1 lit.b din Legea 115\/1999; sustragerea sau distrugerea de \u00eenscrisuri; sustragerea sau distrugerea de probe ori \u00eenscrisuri; fals intelectual&#8221;, indica Parchetul General.<\/p>\n<p>Conform acestuia, &#8220;potrivit dispozi\u021biilor legale, procurorul are obliga\u021bia de a asigura, pe baz\u0103 de probe, aflarea adev\u0103rului cu privire la faptele \u0219i \u00eemprejur\u0103rile cauzei pe care a fost investit s\u0103 o solu\u021bioneze, controlul asupra actelor \u0219i m\u0103surilor dispuse de c\u0103tre procuror fiind realizat de c\u0103tre instan\u021ba de judecat\u0103&#8221;.\n<\/p><\/div>\n<p> Source URL: https:\/\/observatornews.ro\/politic\/florin-iordache-audiat-in-dosarul-oug-13-205749.html<\/p>\n","protected":false},"excerpt":{"rendered":"<p>Fostul ministru al Justi\u021biei Florin Iordache a fost audiat de procurorii Parchetului de pe l\u00e2ng\u0103 \u00cenalta Curte de Casa\u021bie \u0219i Justi\u021bie (P\u00ceCCJ), la finalul s\u0103pt\u0103m\u00e2nii trecute, \u00een dosarul \u00een care se fac cercet\u0103ri cu privire la OUG 13\/2017, au declarat surse judiciare pentru AGERPRES. Fostul ministru al Justi\u021biei Florin Iordache a fost audiat de procurorii [&hellip;]<\/p>\n","protected":false},"author":1,"featured_media":0,"comment_status":"open","ping_status":"","sticky":false,"template":"","format":"standard","meta":{"footnotes":""},"categories":[2],"tags":[30],"class_list":["post-363367","post","type-post","status-publish","format-standard","hentry","category-politics","tag-observatornews-ro"],"_links":{"self":[{"href":"https:\/\/analyse.optim.biz\/index.php?rest_route=\/wp\/v2\/posts\/363367","targetHints":{"allow":["GET"]}}],"collection":[{"href":"https:\/\/analyse.optim.biz\/index.php?rest_route=\/wp\/v2\/posts"}],"about":[{"href":"https:\/\/analyse.optim.biz\/index.php?rest_route=\/wp\/v2\/types\/post"}],"author":[{"embeddable":true,"href":"https:\/\/analyse.optim.biz\/index.php?rest_route=\/wp\/v2\/users\/1"}],"replies":[{"embeddable":true,"href":"https:\/\/analyse.optim.biz\/index.php?rest_route=%2Fwp%2Fv2%2Fcomments&post=363367"}],"version-history":[{"count":0,"href":"https:\/\/analyse.optim.biz\/index.php?rest_route=\/wp\/v2\/posts\/363367\/revisions"}],"wp:attachment":[{"href":"https:\/\/analyse.optim.biz\/index.php?rest_route=%2Fwp%2Fv2%2Fmedia&parent=363367"}],"wp:term":[{"taxonomy":"category","embeddable":true,"href":"https:\/\/analyse.optim.biz\/index.php?rest_route=%2Fwp%2Fv2%2Fcategories&post=363367"},{"taxonomy":"post_tag","embeddable":true,"href":"https:\/\/analyse.optim.biz\/index.php?rest_route=%2Fwp%2Fv2%2Ftags&post=363367"}],"curies":[{"name":"wp","href":"https:\/\/api.w.org\/{rel}","templated":true}]}}