{"id":363221,"date":"2017-04-13T04:47:57","date_gmt":"2017-04-13T01:47:57","guid":{"rendered":"https:\/\/analyse.optim.biz\/?p=363221"},"modified":"2017-04-13T04:47:57","modified_gmt":"2017-04-13T01:47:57","slug":"senatorii-si-deputatii-chiul-in-masa-in-saptamana-patimilor","status":"publish","type":"post","link":"https:\/\/analyse.optim.biz\/?p=363221","title":{"rendered":"Senatorii \u015fi deputa\u0163ii, CHIUL \u00ceN MAS\u0102 \u00een S\u0103pt\u0103m\u00e2na Patimilor!"},"content":{"rendered":"<div class=\"description\" data-key=\"description\">O zi \u015fi jum\u0103tate pe s\u0103pt\u0103m\u00e2n\u0103! At\u00e2t au muncit cei mai mul\u0163i dintre senatorii \u015fi deputa\u0163ii no\u015ftri, care s-au gr\u0103bit, \u00een S\u0103pt\u0103m\u00e2na Patimilor, s\u0103 scape de activitatea din Parlament.<\/div>\n<div class=\"articleBody\" data-key=\"articleBody\">O zi \u015fi jum\u0103tate pe s\u0103pt\u0103m\u00e2n\u0103! At\u00e2t au muncit cei mai mul\u0163i dintre senatorii \u015fi deputa\u0163ii no\u015ftri, care s-au gr\u0103bit, \u00een S\u0103pt\u0103m\u00e2na Patimilor, s\u0103 scape de activitatea din Parlament.<\/p>\n<p>Casa Poporului, \u00een plin\u0103 zi de munc\u0103, pare p\u0103r\u0103sit\u0103. Nici picior de parlamentar pe holurile lungi. De\u015fi programul oficial anun\u0163\u0103 clar c\u0103 senatorii \u015fi deputa\u0163ii ar trebui s\u0103 lucreze p\u00e2n\u0103 la ora 16, din 22 de comisii, doar dou\u0103 au avut activitate. Cu greu am reu\u015fit s\u0103 g\u0103sim c\u00e2\u0163iva parlamentari la program.<\/p>\n<p>Dar cei mai mul\u0163i scap\u0103 \u015fi \u00eei reg\u0103sim, din nou \u00een Parlament. Pe mul\u0163i dintre ei, nici angaja\u0163ii nu i-au v\u0103zut.<\/p>\n<p>Claudiu N\u0103sui are 32 de ani \u015fi este la primul mandat. E con\u015ftincios, vine la program, chiar dac\u0103 de multe ori se treze\u015fte singur la comisia pentru buget finan\u0163e. A aflat, de ieri, c\u0103 nu are \u015fedin\u0163\u0103, ci studiu individual.<\/p>\n<p>\u015ei senatorul Carmen H\u0103r\u0103u studiaz\u0103, de zor, la noua lege a salariz\u0103rii.<\/p>\n<p>Dar de toate se vor ocupa dup\u0103 Pa\u015fti. Nu vor renun\u0163a nici la vacan\u0163a de 1 mai. Poate doar pentru legea salariz\u0103rii unitare, dac\u0103 va intra mai repede \u00een dezbaterea lor.<\/p>\n<p>Nu doar bugetarii de r\u00e2nd vor primi bani \u00een plus, indemniza\u0163iile ale\u015filor vor ajunge la 13.000 de lei, lunar.\u00a0\n<\/p><\/div>\n<p> Source URL: https:\/\/observatornews.ro\/politic\/senatorii-si-deputatii-chiul-in-masa-in-saptamana-patimilor-206088.html<\/p>\n","protected":false},"excerpt":{"rendered":"<p>O zi \u015fi jum\u0103tate pe s\u0103pt\u0103m\u00e2n\u0103! At\u00e2t au muncit cei mai mul\u0163i dintre senatorii \u015fi deputa\u0163ii no\u015ftri, care s-au gr\u0103bit, \u00een S\u0103pt\u0103m\u00e2na Patimilor, s\u0103 scape de activitatea din Parlament. O zi \u015fi jum\u0103tate pe s\u0103pt\u0103m\u00e2n\u0103! At\u00e2t au muncit cei mai mul\u0163i dintre senatorii \u015fi deputa\u0163ii no\u015ftri, care s-au gr\u0103bit, \u00een S\u0103pt\u0103m\u00e2na Patimilor, s\u0103 scape de [&hellip;]<\/p>\n","protected":false},"author":1,"featured_media":0,"comment_status":"open","ping_status":"","sticky":false,"template":"","format":"standard","meta":{"footnotes":""},"categories":[2],"tags":[30],"class_list":["post-363221","post","type-post","status-publish","format-standard","hentry","category-politics","tag-observatornews-ro"],"_links":{"self":[{"href":"https:\/\/analyse.optim.biz\/index.php?rest_route=\/wp\/v2\/posts\/363221","targetHints":{"allow":["GET"]}}],"collection":[{"href":"https:\/\/analyse.optim.biz\/index.php?rest_route=\/wp\/v2\/posts"}],"about":[{"href":"https:\/\/analyse.optim.biz\/index.php?rest_route=\/wp\/v2\/types\/post"}],"author":[{"embeddable":true,"href":"https:\/\/analyse.optim.biz\/index.php?rest_route=\/wp\/v2\/users\/1"}],"replies":[{"embeddable":true,"href":"https:\/\/analyse.optim.biz\/index.php?rest_route=%2Fwp%2Fv2%2Fcomments&post=363221"}],"version-history":[{"count":0,"href":"https:\/\/analyse.optim.biz\/index.php?rest_route=\/wp\/v2\/posts\/363221\/revisions"}],"wp:attachment":[{"href":"https:\/\/analyse.optim.biz\/index.php?rest_route=%2Fwp%2Fv2%2Fmedia&parent=363221"}],"wp:term":[{"taxonomy":"category","embeddable":true,"href":"https:\/\/analyse.optim.biz\/index.php?rest_route=%2Fwp%2Fv2%2Fcategories&post=363221"},{"taxonomy":"post_tag","embeddable":true,"href":"https:\/\/analyse.optim.biz\/index.php?rest_route=%2Fwp%2Fv2%2Ftags&post=363221"}],"curies":[{"name":"wp","href":"https:\/\/api.w.org\/{rel}","templated":true}]}}