{"id":363220,"date":"2017-04-13T07:12:00","date_gmt":"2017-04-13T04:12:00","guid":{"rendered":"https:\/\/analyse.optim.biz\/?p=363220"},"modified":"2017-04-13T07:12:00","modified_gmt":"2017-04-13T04:12:00","slug":"basescu-ameninta-dragnea-ai-grija-s-ar-putea-sa-nu-ti-placa-ce-se","status":"publish","type":"post","link":"https:\/\/analyse.optim.biz\/?p=363220","title":{"rendered":"B\u0103sescu AMENIN\u0162\u0102: &#8220;Dragnea, ai grij\u0103, s-ar putea s\u0103 nu-\u0163i plac\u0103 ce se &#8230;&#8221;"},"content":{"rendered":"<div class=\"description\" data-key=\"description\">Anun\u0163ul f\u0103cut de\u00a0coali\u021bia de guvernare, care sus\u0163ine\u00a0\u00eenfiin\u021barea unei comisii de anchet\u0103 parlamentar\u0103 privind alegerile preziden\u021biale din 2009, a st\u00e2rnit o reac\u0163ie virulent\u0103 din partea fostului pre\u015fedinte Traian B\u0103sescu.<\/div>\n<div class=\"articleBody\" data-key=\"articleBody\">Anun\u0163ul f\u0103cut de\u00a0coali\u021bia de guvernare, care sus\u0163ine\u00a0\u00eenfiin\u021barea unei comisii de anchet\u0103 parlamentar\u0103 privind alegerile preziden\u021biale din 2009, a st\u00e2rnit o reac\u0163ie virulent\u0103 din partea fostului pre\u015fedinte Traian B\u0103sescu.<\/p>\n<p>\u201eGeoan\u0103, N\u0103stase \u015fi Ponta, fi\u0163i, \u00een sf\u00e2r\u015fit, ferici\u0163i. \u00cen concluziile anchetei, talentatul pre\u015fedinte Dragnea v\u0103 va declara pre\u015fedin\u0163i ai Rom\u00e2niei\u201d, scrie Traian B\u0103sescu pe Facebook.\u00a0<\/p>\n<p>\u201eEste S\u0103pt\u0103m\u00e2na Mare \u015fi, \u00een principiu, am \u00eencercat s\u0103 m\u0103 ab\u0163in de la a intra \u00een controverse publice.\u00a0\u00cencerc s\u0103 o fac \u015fi acum legat de ultima ini\u0163iativ\u0103 din \u201eProgramul de guvernare\u201d al PSD \u2013 ALDE: \u00eenfiin\u0163area unei comisii de anchet\u0103 cu privire la alegerile preziden\u0163iale din 2009.<\/p>\n<p>Ce bucurie pe capul celor pe care, din 2000 \u00eencoace, i-am b\u0103tut \u00een alegeri pe unde i-am prins. \u00ce\u015fi vor lua, \u00een sf\u00e2r\u015fit, revan\u015fa. (&#8230;)\u00a0Propunerea a avut at\u00e2t succes, \u00eenc\u00e2t eu propun s\u0103 facem o anchet\u0103 \u015fi pentru alegerile preziden\u0163iale din 2004.<\/p>\n<p>\u00cen felul acesta, putem s\u0103 le d\u0103m c\u00e2te un mandat luz\u0103rilor Mircea Geoan\u0103 \u015fi Adrian N\u0103stase sau s\u0103-l lini\u015ftim pe Ponta c\u0103, \u00een 2009, de\u015fi la urne au pierdut, au reu\u015fit, totu\u015fi, s\u0103 fure voturi pe m\u0103sura talentului \u00eenn\u0103scut al PSD.<\/p>\n<p>Geoan\u0103, N\u0103stase \u015fi Ponta, fi\u0163i, \u00een sf\u00e2r\u015fit, ferici\u0163i. \u00cen concluziile anchetei, talentatul pre\u015fedinte Dragnea v\u0103 va declara pre\u015fedin\u0163i ai Rom\u00e2niei.<\/p>\n<p>Geoan\u0103, ai grij\u0103, a\u015faz\u0103-te la coad\u0103, c\u0103 primul la r\u00e2nd este Adrian N\u0103stase. Mai departe, v\u0103 \u00een\u0163elege\u0163i voi cu Iohannis cum v\u0103 r\u00e2ndui\u0163i la Cotroceni.<\/p>\n<p>C\u00e2nd m\u0103 g\u00e2ndec c\u0103 Rom\u00e2nia va avea asigura\u0163i pre\u015fedin\u0163ii pentru urm\u0103torii 15 ani, chiar \u00eemi dau seama ce important este \u201eProgramul de guvernare\u201d PSD \u2013 ALDE.<br \/>\nS\u0103rb\u0103tori fericite !<\/p>\n<p>PS \u2013 Dragnea, ai grij\u0103, s-ar putea s\u0103 nu-\u0163i plac\u0103 ce se va spune la Comisie. Mai bine l\u0103sai Parchetul General s\u0103 fac\u0103 ancheta\u201d, mai scrie Traian B\u0103sescu.<\/p>\n<p>Recent, jurnalistul Dan Andronica a scris c\u0103 Laura Codru\u021ba Kovesi, al\u0103turi de fo\u0219tii \u0219efi SRI \u0219i c\u00e2\u021biva politicieni importan\u021bi puneau \u021bara la cale \u00een noaptea alegerilor din 2009, din casa lui Gabriel Oprea.\n<\/p><\/div>\n<p> Source URL: https:\/\/observatornews.ro\/politic\/basescu-ameninta-dragnea-ai-grija-sar-putea-sa-nuti-placa-ce-se-206115.html<\/p>\n","protected":false},"excerpt":{"rendered":"<p>Anun\u0163ul f\u0103cut de\u00a0coali\u021bia de guvernare, care sus\u0163ine\u00a0\u00eenfiin\u021barea unei comisii de anchet\u0103 parlamentar\u0103 privind alegerile preziden\u021biale din 2009, a st\u00e2rnit o reac\u0163ie virulent\u0103 din partea fostului pre\u015fedinte Traian B\u0103sescu. Anun\u0163ul f\u0103cut de\u00a0coali\u021bia de guvernare, care sus\u0163ine\u00a0\u00eenfiin\u021barea unei comisii de anchet\u0103 parlamentar\u0103 privind alegerile preziden\u021biale din 2009, a st\u00e2rnit o reac\u0163ie virulent\u0103 din partea fostului pre\u015fedinte Traian [&hellip;]<\/p>\n","protected":false},"author":1,"featured_media":0,"comment_status":"open","ping_status":"","sticky":false,"template":"","format":"standard","meta":{"footnotes":""},"categories":[2],"tags":[30],"class_list":["post-363220","post","type-post","status-publish","format-standard","hentry","category-politics","tag-observatornews-ro"],"_links":{"self":[{"href":"https:\/\/analyse.optim.biz\/index.php?rest_route=\/wp\/v2\/posts\/363220","targetHints":{"allow":["GET"]}}],"collection":[{"href":"https:\/\/analyse.optim.biz\/index.php?rest_route=\/wp\/v2\/posts"}],"about":[{"href":"https:\/\/analyse.optim.biz\/index.php?rest_route=\/wp\/v2\/types\/post"}],"author":[{"embeddable":true,"href":"https:\/\/analyse.optim.biz\/index.php?rest_route=\/wp\/v2\/users\/1"}],"replies":[{"embeddable":true,"href":"https:\/\/analyse.optim.biz\/index.php?rest_route=%2Fwp%2Fv2%2Fcomments&post=363220"}],"version-history":[{"count":0,"href":"https:\/\/analyse.optim.biz\/index.php?rest_route=\/wp\/v2\/posts\/363220\/revisions"}],"wp:attachment":[{"href":"https:\/\/analyse.optim.biz\/index.php?rest_route=%2Fwp%2Fv2%2Fmedia&parent=363220"}],"wp:term":[{"taxonomy":"category","embeddable":true,"href":"https:\/\/analyse.optim.biz\/index.php?rest_route=%2Fwp%2Fv2%2Fcategories&post=363220"},{"taxonomy":"post_tag","embeddable":true,"href":"https:\/\/analyse.optim.biz\/index.php?rest_route=%2Fwp%2Fv2%2Ftags&post=363220"}],"curies":[{"name":"wp","href":"https:\/\/api.w.org\/{rel}","templated":true}]}}