{"id":363219,"date":"2017-04-13T09:07:00","date_gmt":"2017-04-13T06:07:00","guid":{"rendered":"https:\/\/analyse.optim.biz\/?p=363219"},"modified":"2017-04-13T09:07:00","modified_gmt":"2017-04-13T06:07:00","slug":"marian-vanghelie-declaratii-uluitoare-despre-noaptea-alegerilor-prezidentiale-din-2009-maior-l-a-drogat-pe-oprea","status":"publish","type":"post","link":"https:\/\/analyse.optim.biz\/?p=363219","title":{"rendered":"Marian VANGHELIE, declara\u0163ii ULUITOARE despre noaptea alegerilor preziden\u0163iale din 2009: Maior &#8220;l-a DROGAT\u201d pe Oprea!"},"content":{"rendered":"<div class=\"description\" data-key=\"description\">Fostul primar al Sectorului 5 al Capitalei, Marian Vanghelie a declarat joi, la Curtea de Apel Bucure\u015fti, referitor la turul al doilea al alegerilor preziden\u0163iale din 2009, c\u0103 \u015ftia implicarea lui Gabriel Oprea \u015fi a lui George Maior pentru a-l face pe Traian B\u0103sescu s\u0103 c\u00e2\u015ftige scrutinul, fapt cunoscut de mai multe persoane, c\u0103rora le-ar fi team\u0103 s\u0103 vorbeasc\u0103. El a sus\u0163inut c\u0103 Maior &#8220;l-a drogat\u201d pe fostul ministru Gabriel Oprea, scrie News.ro<\/div>\n<div class=\"articleBody\" data-key=\"articleBody\">Fostul primar al Sectorului 5 al Capitalei, Marian Vanghelie a declarat joi, la Curtea de Apel Bucure\u015fti, referitor la turul al doilea al alegerilor preziden\u0163iale din 2009, c\u0103 \u015ftia implicarea lui Gabriel Oprea \u015fi a lui George Maior pentru a-l face pe Traian B\u0103sescu s\u0103 c\u00e2\u015ftige scrutinul, fapt cunoscut de mai multe persoane, c\u0103rora le-ar fi team\u0103 s\u0103 vorbeasc\u0103. El a sus\u0163inut c\u0103 Maior &#8220;l-a drogat\u201d pe fostul ministru Gabriel Oprea, scrie News.ro<\/p>\n<p>&#8220;V\u0103 dau un r\u0103spuns \u015fi pot s\u0103 v\u0103 spun c\u0103 \u00een urm\u0103toarele zile voi face o conferin\u0163\u0103 de pres\u0103 pe acest subiect. Uita\u0163i-v\u0103 la ce am declarat \u00een perioada aceea, uita\u0163i-v\u0103 ce am declarat imediat, la Congres, se pare c\u0103 am avut o intui\u0163ie. Cam ce spuneam eu atunci, cam astea se dovedesc acum. Nu neap\u0103rat c\u0103 \u015ftiam c\u0103 au fost la Gabriel Oprea, \u015ftiam implicarea lui Oprea, \u015ftiam implicarea lui Coldea \u015fi \u015ftiam pentru c\u0103 cuno\u015fteam nu doar eu, cred c\u0103 pu\u0163in mai mul\u0163i, nu foarte mul\u0163i, cred c\u0103 pu\u0163in mai mul\u0163i, dar nu au curaj s\u0103 vorbeasc\u0103. \u015etiu \u015fi cum au fost anun\u0163ate persoanele implicate, plec\u00e2nd de la domnul Maior \u00een jos, de cine a fost anun\u0163at, de \u015fedin\u0163ele noastre oficiale, \u015fedin\u0163ele noastre oficiale cu deciziile noastre oficiale din partid\u201d, a afirmat Marian Vanghelie, \u00eentrebat dac\u0103 \u015ftia c\u0103 \u00een 2009 Florian Coldea, George Maior \u015fi Laura Codru\u0163a Kovesi au fost acas\u0103 la Gabriel Oprea pentru a-l face pe Traian B\u0103sescu pre\u015fedinte.<\/p>\n<p>De asemenea, chestionat dac\u0103 l-au tr\u0103dat colegii de partid, fostul social-democrat a r\u0103spuns afirmativ.<\/p>\n<p>&#8220;Da. M-am dus \u015fi l-am rugat pe domnul Coldea s\u0103 \u00eel ajute pe domnul Ponta \u015fi nu a vrut. L-a ajutat pe Mircea Geoan\u0103 \u015fi, surpriz\u0103, a c\u00e2\u015ftigat Ponta. Este de noaptea min\u0163ii. L-a\u0163i c\u0103utat pe domnul ministru Oprea s\u0103 \u00eel vede\u0163i la fa\u0163\u0103? Nu. V\u0103 rog c\u0103uta\u0163i-l\u201d, a completat el.<\/p>\n<p>Vanghelie a sus\u0163inut c\u0103 George Maior l-a drogat pe Gabriel Oprea.<\/p>\n<p>&#8220;E foarte important. S\u0103 v\u0103 zic un singur lucru &#8211; ei, care erau stat, \u00een ghilimele, ast\u0103zi unul din reprezentan\u0163ii statului, \u00een ghilimele, dup\u0103 perioada trecut\u0103, adic\u0103 domnul Gabriel Oprea, zice c\u0103 domnul Maior l-a drogat. C\u0103uta\u0163i-l s\u0103 vede\u0163i, s\u0103 v\u0103 spun\u0103 dumneavoastr\u0103\u201d, a conchis Marian Vanghelie.\u00a0<\/p>\n<p>Liviu Dragnea a anun\u0163at, miercuri, la Antena 3, c\u0103 inten\u0163ioneaz\u0103 s\u0103 preia conducerea comisiei parlamentare de anchet\u0103 privind implicarea unor institu\u0163ii \u00een desf\u0103\u015furarea alegerilor preziden\u0163iale din 2009, urm\u00e2nd s\u0103 verifice dac\u0103 pre\u015fedintele Camerei Deputa\u0163ilor poate prelua pre\u015fedin\u0163ia unei comisii de anchet\u0103.<\/p>\n<p>El a precizat c\u0103 vor fi chemate la comisie nu doar persoanele despre care s-a scris \u00een pres\u0103 \u00een ultimele zile c\u0103 s-ar fi implicat \u00een procesul electoral din 2009.<\/p>\n<p>\u201dVreau s\u0103 chem\u0103m la audieri toate persoanele despre care avem informa\u0163ii sau despre care pot apare informa\u0163ii \u00een zilele urm\u0103toare \u00een leg\u0103tur\u0103 cu ce s-a \u00eent\u00e2mplat la acele alegeri (&#8230;) O s\u0103 fie chemat \u015fi ministrul Baconschi, o s\u0103 fie chemat \u015fi \u015feful STS, Marcel Opri\u015f, Vasile Blaga \u015fi mai mul\u0163i cet\u0103\u0163eni din Rom\u00e2nia despre care noi avem informa\u0163ii. \u015ei cu aceast\u0103 comisie de anchet\u0103 \u015fi cu alte anchete pe care sper s\u0103 le \u00eenceap\u0103 comisia de control al SRI, s\u0103 aducem la lumin\u0103 toate discu\u0163iile despre implicarea \u00een politic\u0103, \u00een alegeri, \u00een justi\u0163ie a unor institu\u0163ii\u201d, a declarat pre\u015fedintele PSD.<\/p>\n<p>Liderii coali\u0163iei PSD &#8211; ALDE, Liviu Dragnea \u015fi C\u0103lin Popescu-T\u0103riceanu, au anun\u0163at, miercuri, c\u0103 au convenit s\u0103 cear\u0103 Parlamentului \u00eenfiin\u0163area unei comisii de anchet\u0103 parlamentar\u0103 pentru &#8220;a clarifica aspectele ce \u0163in de organizarea alegerilor din 2009, dar \u015fi de rezultatul scrutinului preziden\u0163ial&#8221;, sus\u0163in\u00e2nd c\u0103 o astfel de comisie este necesar\u0103 &#8220;ca urmare a informa\u0163iilor ap\u0103rute \u00een spa\u0163iul public \u015fi care pun sub semnul \u00eentreb\u0103rii respectarea principiului alegerilor libere \u015fi corecte ca premis\u0103 esen\u0163ial\u0103 a func\u0163ion\u0103rii democra\u0163iei \u00een Rom\u00e2nia&#8221;.<\/p>\n<p>Dan Andronic a scris luni c\u0103 Laura Codru\u0163a Kovesi \u015fi Florian Coldea sunt dou\u0103 dintre personajele care au ajutat la victoria lui Traian B\u0103sescu \u00een alegerile preziden\u0163iale din 2009.<\/p>\n<p>Andronic sus\u0163ine c\u0103 \u00een noaptea de dup\u0103 turul al doilea al preziden\u0163ialelor Gabriel Oprea i-a spus s\u0103 vin\u0103 la locuin\u0163a sa, pentru c\u0103 are nevoie de el, iar acolo i-a g\u0103sit pe George Maior, Florian Coldea \u015fi Laura Codru\u0163a Kovesi.<\/p>\n<p>\u201cAm \u00een\u0163epenit. Acolo era Statul! \u00cen acel birou se g\u0103seau George Maior, directorul SRI, Florian Coldea, prim-adjunctul SRI, Laura Codru\u0163a Kovesi, procurorul general al Rom\u00e2niei, Gabriel Oprea, fost ministru de Interne \u015fi \u00eenc\u0103 o persoan\u0103 \u00eenalt\u0103 pe care nu o cuno\u015fteam. Voturile din diaspora. Aici, Florian Coldea avea multe date \u015fi cifre, dar \u015fi George Maior primea informa\u0163ii. Cred c\u0103, at\u00e2t c\u00e2t am stat eu acolo, Kovesi a primit cel pu\u0163in dou\u0103 telefoane la care a r\u0103spuns: \u201eDa, domnule Pre\u015fedinte\u201d. Dup\u0103 care ie\u015fea din \u00eenc\u0103pere \u015fi continua discu\u0163ia. \u00cen mod evident, Kovesi era o parte important\u0103 a grupului, \u00een\u0163elegeam din modul \u00een care punea \u00eentreb\u0103rile referitoare la ac\u0163iunile ce se pot \u00eentreprinde. Au r\u0103mas \u00een acea \u00eenc\u0103pere Laura Codru\u0163a Kovesi, George Maior, Florian Coldea, Gabriel Oprea\u2026Oamenii care au f\u0103cut posibil\u0103 victoria lui Traian B\u0103sescu \u00een 2009\u201d, a scris Andronic.<\/p>\n<p>El a fost audiat mar\u0163i la Direc\u0163ia Na\u0163ional\u0103 Anticorup\u0163ie, declar\u00e2nd c\u0103 a fost citat \u00eentr-un dosar mai vechi, f\u0103r\u0103 a da alte informa\u0163ii despre cauza \u00een care a fost chemat de procurori.<\/p>\n<p>Direc\u0163ia Na\u0163ional\u0103 Anticorup\u0163ie a anun\u0163at, tot mar\u0163i, c\u0103 Dan Andronic, om de afaceri \u015fi consultant politic, are calitatea de suspect, fiind acuzat de m\u0103rturie mincinoas\u0103 \u015fi favorizarea f\u0103ptuitorului, pentru c\u0103 \u00een septembrie 2016, c\u00e2nd a fost audiat \u00een dosarul privind campania preziden\u0163ial\u0103 din 2009, a f\u0103cut declara\u0163ii mincinoase despre banii \u00eencasa\u0163i de firma sa pentru consultan\u0163a politic\u0103 acordat\u0103 de el \u00een campania electorale, acredit\u00e2nd ideea c\u0103 persoanele inculpate \u00een cauz\u0103 nu au participat la s\u0103v\u00e2r\u015firea faptelor de care sunt acuzate.<\/p>\n<p>Tot mar\u0163i, pre\u015fedintele Comisiei de control al SRI, Adrian \u0162u\u0163uianu, a afirmat mar\u0163i, la Parlament, c\u0103 jurnalistul Dan Andronic va fi audiat s\u0103pt\u0103m\u00e2na viitoare, \u00een cadrul Comisiei, \u00een leg\u0103tur\u0103 cu afirma\u0163iile pe care acesta le-a f\u0103cut cu privire la turul doi al alegerilor preziden\u0163iale din 2009.\n<\/p><\/div>\n<p> Source URL: https:\/\/observatornews.ro\/politic\/marian-vanghelie-declaratii-uluitoare-despre-noaptea-alegerilor-prezidentiale-din-2009-maior-la-drogat-pe-oprea-206130.html<\/p>\n","protected":false},"excerpt":{"rendered":"<p>Fostul primar al Sectorului 5 al Capitalei, Marian Vanghelie a declarat joi, la Curtea de Apel Bucure\u015fti, referitor la turul al doilea al alegerilor preziden\u0163iale din 2009, c\u0103 \u015ftia implicarea lui Gabriel Oprea \u015fi a lui George Maior pentru a-l face pe Traian B\u0103sescu s\u0103 c\u00e2\u015ftige scrutinul, fapt cunoscut de mai multe persoane, c\u0103rora le-ar [&hellip;]<\/p>\n","protected":false},"author":1,"featured_media":0,"comment_status":"open","ping_status":"","sticky":false,"template":"","format":"standard","meta":{"footnotes":""},"categories":[2],"tags":[30],"class_list":["post-363219","post","type-post","status-publish","format-standard","hentry","category-politics","tag-observatornews-ro"],"_links":{"self":[{"href":"https:\/\/analyse.optim.biz\/index.php?rest_route=\/wp\/v2\/posts\/363219","targetHints":{"allow":["GET"]}}],"collection":[{"href":"https:\/\/analyse.optim.biz\/index.php?rest_route=\/wp\/v2\/posts"}],"about":[{"href":"https:\/\/analyse.optim.biz\/index.php?rest_route=\/wp\/v2\/types\/post"}],"author":[{"embeddable":true,"href":"https:\/\/analyse.optim.biz\/index.php?rest_route=\/wp\/v2\/users\/1"}],"replies":[{"embeddable":true,"href":"https:\/\/analyse.optim.biz\/index.php?rest_route=%2Fwp%2Fv2%2Fcomments&post=363219"}],"version-history":[{"count":0,"href":"https:\/\/analyse.optim.biz\/index.php?rest_route=\/wp\/v2\/posts\/363219\/revisions"}],"wp:attachment":[{"href":"https:\/\/analyse.optim.biz\/index.php?rest_route=%2Fwp%2Fv2%2Fmedia&parent=363219"}],"wp:term":[{"taxonomy":"category","embeddable":true,"href":"https:\/\/analyse.optim.biz\/index.php?rest_route=%2Fwp%2Fv2%2Fcategories&post=363219"},{"taxonomy":"post_tag","embeddable":true,"href":"https:\/\/analyse.optim.biz\/index.php?rest_route=%2Fwp%2Fv2%2Ftags&post=363219"}],"curies":[{"name":"wp","href":"https:\/\/api.w.org\/{rel}","templated":true}]}}