{"id":363193,"date":"2017-04-17T15:44:00","date_gmt":"2017-04-17T12:44:00","guid":{"rendered":"https:\/\/analyse.optim.biz\/?p=363193"},"modified":"2017-04-17T15:44:00","modified_gmt":"2017-04-17T12:44:00","slug":"anunt-de-ultima-ora-despre-sebastian-ghita","status":"publish","type":"post","link":"https:\/\/analyse.optim.biz\/?p=363193","title":{"rendered":"Anun\u0163 de ULTIM\u0102 or\u0103 despre Sebastian Ghi\u0163\u0103"},"content":{"rendered":"<div class=\"description\" data-key=\"description\">Poli\u0163ia Rom\u00e2n\u0103 anun\u0163\u0103 c\u0103 autorit\u0103\u0163ile s\u00e2rbe au informat c\u0103 inculpatul Sebastian Ghi\u0163\u0103 a fost arestat \u00een Republica S\u00e2rb\u0103, pe o perioad\u0103 de 18 zile \u00een vederea extr\u0103d\u0103rii, \u00eencep\u00e2nd cu 14 aprilie.<\/div>\n<div class=\"articleBody\" data-key=\"articleBody\">Poli\u0163ia Rom\u00e2n\u0103 anun\u0163\u0103 c\u0103 autorit\u0103\u0163ile s\u00e2rbe au informat c\u0103 inculpatul Sebastian Ghi\u0163\u0103 a fost arestat \u00een Republica S\u00e2rb\u0103, pe o perioad\u0103 de 18 zile \u00een vederea extr\u0103d\u0103rii, \u00eencep\u00e2nd cu 14 aprilie.<\/p>\n<p>IGPR a precizat, luni, c\u0103 fotografia inculpatului Ghi\u0163\u0103 Sebastian a figurat pe site-ul institu\u0163iei p\u00e2n\u0103 \u00een momentul \u00een care s-a primit din partea autorit\u0103\u0163ilor s\u00e2rbe confirmarea oficial\u0103 c\u0103 acesta a fost arestat \u00een vederea extr\u0103d\u0103rii.\u00a0<\/p>\n<p>\u201dAcest mesaj a sosit pe canalul de cooperare poli\u0163ieneasc\u0103 Interpol \u00een urm\u0103 cu c\u00e2teva minute, datorit\u0103 unor probleme tehnice ap\u0103rute \u00een sistemul Interpol Belgrad\u201d, precizeaz\u0103 Poli\u0163ia Rom\u00e2n\u0103.\u00a0<\/p>\n<p>\u201dAstfel, autorit\u0103\u0163ile s\u00e2rbe ne-au informat c\u0103 persoana respectiv\u0103 a fost arestat\u0103 \u00een Republica S\u00e2rb\u0103, pe o perioad\u0103 de 18 zile \u00een vederea extr\u0103d\u0103rii, \u00eencep\u00e2nd cu 14.04.2017\u201d, anun\u0163\u0103 IGPR.<\/p>\n<p>Poli\u0163ia Rom\u00e2n\u0103 a informat Ministerul Justi\u0163iei, pentru c\u0103 aceasta este institu\u0163ia abilitat\u0103 a demara procedura de extr\u0103dare.<\/p>\n<p>Conform prevederilor legale, \u00een acest moment \u00a0Poli\u0163ia Rom\u00e2n\u0103 nu mai are competen\u0163\u0103 \u00een acest caz.<\/p>\n<p>\u00cen momentul extr\u0103d\u0103rii, dac\u0103 autorit\u0103\u0163ile s\u00e2rbe vor solicita ca partea rom\u00e2n\u0103 s\u0103 efectueze escorta \u00een \u0163ar\u0103 a inculpatului, poli\u0163i\u015ftii rom\u00e2ni vor efectua acest serviciu, conform competen\u0163elor, mai precizeaz\u0103 Poli\u0163ia Rom\u00e2n\u0103.<\/p>\n<p>Curtea Suprem\u0103 din Serbia a decis plasarea \u00een arest a lui Sebastian Ghi\u0163\u0103 pentru dou\u0103 luni, \u00een vederea extr\u0103d\u0103rii, anun\u0163a vineri Agen\u0163ia de pres\u0103 Tanjug.<\/p>\n<p>Omul de afaceri Sebastian Ghi\u0163\u0103 a fost localizat \u015fi re\u0163inut la Belgrad, \u00een noaptea de joi spre vineri. Ghi\u0163\u0103 avea permis de conducere \u015fi buletin de Slovenia \u015fi era \u00eempreun\u0103 cu fratele s\u0103u \u00een momentul captur\u0103rii.<\/p>\n<p>Surs\u0103: news.ro<\/p>\n<p>Cite\u015fte \u015fi:\u00a0IMAGINI \u00ceN PREMIER\u0102 din celula lui Sebastian Ghi\u0163\u0103! Cum arat\u0103 locul unde va sta patronul fugar al RTV\n<\/p><\/div>\n<p> Source URL: https:\/\/observatornews.ro\/politic\/anunt-de-ultima-ora-despre-sebastian-ghita-206630.html<\/p>\n","protected":false},"excerpt":{"rendered":"<p>Poli\u0163ia Rom\u00e2n\u0103 anun\u0163\u0103 c\u0103 autorit\u0103\u0163ile s\u00e2rbe au informat c\u0103 inculpatul Sebastian Ghi\u0163\u0103 a fost arestat \u00een Republica S\u00e2rb\u0103, pe o perioad\u0103 de 18 zile \u00een vederea extr\u0103d\u0103rii, \u00eencep\u00e2nd cu 14 aprilie. Poli\u0163ia Rom\u00e2n\u0103 anun\u0163\u0103 c\u0103 autorit\u0103\u0163ile s\u00e2rbe au informat c\u0103 inculpatul Sebastian Ghi\u0163\u0103 a fost arestat \u00een Republica S\u00e2rb\u0103, pe o perioad\u0103 de 18 zile [&hellip;]<\/p>\n","protected":false},"author":1,"featured_media":0,"comment_status":"open","ping_status":"","sticky":false,"template":"","format":"standard","meta":{"footnotes":""},"categories":[2],"tags":[30],"class_list":["post-363193","post","type-post","status-publish","format-standard","hentry","category-politics","tag-observatornews-ro"],"_links":{"self":[{"href":"https:\/\/analyse.optim.biz\/index.php?rest_route=\/wp\/v2\/posts\/363193","targetHints":{"allow":["GET"]}}],"collection":[{"href":"https:\/\/analyse.optim.biz\/index.php?rest_route=\/wp\/v2\/posts"}],"about":[{"href":"https:\/\/analyse.optim.biz\/index.php?rest_route=\/wp\/v2\/types\/post"}],"author":[{"embeddable":true,"href":"https:\/\/analyse.optim.biz\/index.php?rest_route=\/wp\/v2\/users\/1"}],"replies":[{"embeddable":true,"href":"https:\/\/analyse.optim.biz\/index.php?rest_route=%2Fwp%2Fv2%2Fcomments&post=363193"}],"version-history":[{"count":0,"href":"https:\/\/analyse.optim.biz\/index.php?rest_route=\/wp\/v2\/posts\/363193\/revisions"}],"wp:attachment":[{"href":"https:\/\/analyse.optim.biz\/index.php?rest_route=%2Fwp%2Fv2%2Fmedia&parent=363193"}],"wp:term":[{"taxonomy":"category","embeddable":true,"href":"https:\/\/analyse.optim.biz\/index.php?rest_route=%2Fwp%2Fv2%2Fcategories&post=363193"},{"taxonomy":"post_tag","embeddable":true,"href":"https:\/\/analyse.optim.biz\/index.php?rest_route=%2Fwp%2Fv2%2Ftags&post=363193"}],"curies":[{"name":"wp","href":"https:\/\/api.w.org\/{rel}","templated":true}]}}