{"id":363158,"date":"2017-04-18T08:14:00","date_gmt":"2017-04-18T05:14:00","guid":{"rendered":"https:\/\/analyse.optim.biz\/?p=363158"},"modified":"2017-04-18T08:14:00","modified_gmt":"2017-04-18T05:14:00","slug":"moment-de-groaza-pentru-un-echipaj-de-ambulanta-din-vaslui-care-incerca-sa-salveze-o-adolescenta-au-sarit-cu-iataganele","status":"publish","type":"post","link":"https:\/\/analyse.optim.biz\/?p=363158","title":{"rendered":"MOMENT DE GROAZ\u0102 pentru un echipaj de Ambulan\u0163\u0103 din Vaslui, care \u00eencerca s\u0103 salveze o adolescent\u0103: &#8220;au s\u0103rit cu iataganele&#8221;"},"content":{"rendered":"<div class=\"description\" data-key=\"description\">Poli\u0163ia a declan\u015fat o anchet\u0103 \u00een cazul unui echipaj de la Serviciul de Ambulan\u0163\u0103 Vaslui care a fost agresat \u015fi amenin\u0163at cu cu\u0163itele de c\u0103tre rudele unei adolsecente pentru care se solicitase sprijin medical.<\/div>\n<div class=\"articleBody\" data-key=\"articleBody\">Poli\u0163ia a declan\u015fat o anchet\u0103 \u00een cazul unui echipaj de la Serviciul de Ambulan\u0163\u0103 Vaslui care a fost agresat \u015fi amenin\u0163at cu cu\u0163itele de c\u0103tre rudele unei adolsecente pentru care se solicitase sprijin medical. <\/p>\n<p>Asistentul \u015fi \u015foferul ambulan\u0163ei au abandonat ma\u015fina de serviciu \u015fi au fugit pentru a sc\u0103pa de furia agresorilor.<\/p>\n<p>Potrivit reprezentan\u0163ilor Serviciului de Ambulan\u0163\u0103 Jude\u0163ean (SAJ) Vaslui, incidentul s-a petrecut \u00eentr-un cartier din ora\u015ful Negre\u015fti, \u00een momentul \u00een care echipajul medical intervenea \u00een cazul unei adolescente de 16 ani, cu s\u00e2nger\u0103ri \u00een zona vaginal\u0103. Deranja\u0163i de \u00eentreb\u0103rile adresate la telefon de c\u0103tre dispecerul de serviciu, rudele tinerei i-au agresat pe asistentul \u015fi \u015foferul ma\u015finii de ambulan\u0163\u0103 \u00een momentul \u00een care a ajuns la locul solicit\u0103rii.<\/p>\n<p>\u201dC\u00e2nd au ajuns la locuin\u0163a pacientei, rudele au s\u0103rit cu iataganele la echipajul medical, c\u0103ut\u00e2nd-o \u00een ambulan\u0163\u0103 pe femeia din dispecerat care a cerut am\u0103nunte despre starea adolescentei. \u00cen acel moment, asistentul aflat \u00een autosanitar\u0103 a reu\u015fit s\u0103 ias\u0103 pe u\u015fa din spate \u015fi a fugit, la fel ca \u015fi ambulan\u0163ierul aflat la volan, cei doi abandon\u00e2nd ma\u015fina de serviciu\u201d, a declarat\u00a0purt\u0103torul de cuv\u00e2nt al SAJ Vaslui, medicul Dan Ungureanu.<\/p>\n<p>Cei doi angaja\u0163i ai SAJ \u015fi-au alertat colegii din dispecerat, ace\u015ftia cer\u00e2nd sprijinul Poli\u0163iei \u015fi al Jandarmeriei. \u00censo\u0163i\u0163i de for\u0163ele de ordine, asistentul medical \u015fi \u015foferul autosanitarei au revenit la locuin\u0163a adolescentei, pe care au preluat-o cu ambulan\u0163a \u015fi au transportat-o la Spitalul Jude\u0163ean de Urgen\u0163\u0103 Vaslui.<\/p>\n<p>Potrivit reprezentan\u0163ilor Poli\u0163iei Jude\u0163ene Vaslui, niciunul dintre presupu\u015fii agresori nu a mai fost g\u0103sit la locul incidentului.<\/p>\n<p>\u201dCa urmare a conflictului spontan izbucnit \u00eentre cadrele medicale \u015fi patru persoane din localitatea Negre\u015fti, se vor face cercet\u0103ri sub aspectul s\u0103v\u00e2r\u015firii infrac\u0163iunilor de amenin\u0163\u0103ri, respectiv loviri sau alte violen\u0163e\u201d, a precizat purt\u0103torul de cuv\u00e2nt al Poli\u0163iei Jude\u0163ene Vaslui, Iulian Petre.<\/p>\n<p>Asistentul medical implicat \u00een incident a r\u0103mas \u015fi el internat \u00een spital \u00een momentul \u00een care a transportat-o pe adolescent\u0103 la unitatea medical\u0103, \u00een condi\u0163iile \u00een care a suferit un puseu de tensiune arterial\u0103.<\/p>\n<p>Sursa: News.ro\n<\/p><\/div>\n<p> Source URL: https:\/\/observatornews.ro\/politic\/moment-de-groaza-pentru-un-echipaj-de-ambulanta-din-vaslui-care-incerca-sa-salveze-o-adolescenta-au-sarit-cu-iataganele-206701.html<\/p>\n","protected":false},"excerpt":{"rendered":"<p>Poli\u0163ia a declan\u015fat o anchet\u0103 \u00een cazul unui echipaj de la Serviciul de Ambulan\u0163\u0103 Vaslui care a fost agresat \u015fi amenin\u0163at cu cu\u0163itele de c\u0103tre rudele unei adolsecente pentru care se solicitase sprijin medical. Poli\u0163ia a declan\u015fat o anchet\u0103 \u00een cazul unui echipaj de la Serviciul de Ambulan\u0163\u0103 Vaslui care a fost agresat \u015fi amenin\u0163at [&hellip;]<\/p>\n","protected":false},"author":1,"featured_media":0,"comment_status":"open","ping_status":"","sticky":false,"template":"","format":"standard","meta":{"footnotes":""},"categories":[2],"tags":[30],"class_list":["post-363158","post","type-post","status-publish","format-standard","hentry","category-politics","tag-observatornews-ro"],"_links":{"self":[{"href":"https:\/\/analyse.optim.biz\/index.php?rest_route=\/wp\/v2\/posts\/363158","targetHints":{"allow":["GET"]}}],"collection":[{"href":"https:\/\/analyse.optim.biz\/index.php?rest_route=\/wp\/v2\/posts"}],"about":[{"href":"https:\/\/analyse.optim.biz\/index.php?rest_route=\/wp\/v2\/types\/post"}],"author":[{"embeddable":true,"href":"https:\/\/analyse.optim.biz\/index.php?rest_route=\/wp\/v2\/users\/1"}],"replies":[{"embeddable":true,"href":"https:\/\/analyse.optim.biz\/index.php?rest_route=%2Fwp%2Fv2%2Fcomments&post=363158"}],"version-history":[{"count":0,"href":"https:\/\/analyse.optim.biz\/index.php?rest_route=\/wp\/v2\/posts\/363158\/revisions"}],"wp:attachment":[{"href":"https:\/\/analyse.optim.biz\/index.php?rest_route=%2Fwp%2Fv2%2Fmedia&parent=363158"}],"wp:term":[{"taxonomy":"category","embeddable":true,"href":"https:\/\/analyse.optim.biz\/index.php?rest_route=%2Fwp%2Fv2%2Fcategories&post=363158"},{"taxonomy":"post_tag","embeddable":true,"href":"https:\/\/analyse.optim.biz\/index.php?rest_route=%2Fwp%2Fv2%2Ftags&post=363158"}],"curies":[{"name":"wp","href":"https:\/\/api.w.org\/{rel}","templated":true}]}}