{"id":363126,"date":"2017-04-21T04:36:00","date_gmt":"2017-04-21T01:36:00","guid":{"rendered":"https:\/\/analyse.optim.biz\/?p=363126"},"modified":"2017-04-21T04:36:00","modified_gmt":"2017-04-21T01:36:00","slug":"congres-alde-pentru-o-noua-conducere-fara-candidati-anuntati-oficial-tariceanu-asteapta-ultima-clipa","status":"publish","type":"post","link":"https:\/\/analyse.optim.biz\/?p=363126","title":{"rendered":"Congres ALDE pentru o nou\u0103 conducere, f\u0103r\u0103 candida\u0163i anun\u0163a\u0163i oficial. T\u0103riceanu &#8220;a\u015fteapt\u0103 ultima clip\u0103&#8221;"},"content":{"rendered":"<div class=\"description\" data-key=\"description\">Delega\u0163i din toate cele 47 de filiale ale Alian\u0163ei Liberalilor \u015fi Democra\u0163ilor (ALDE) se vor reuni, vineri \u015fi s\u00e2mb\u0103t\u0103, la Palatul Parlamentului, pentru a-\u015fi alege o nou\u0103 conducere \u00een cadrul congresului.<\/div>\n<div class=\"articleBody\" data-key=\"articleBody\">Delega\u0163i din toate cele 47 de filiale ale Alian\u0163ei Liberalilor \u015fi Democra\u0163ilor (ALDE) se vor reuni, vineri \u015fi s\u00e2mb\u0103t\u0103, la Palatul Parlamentului, pentru a-\u015fi alege o nou\u0103 conducere \u00een cadrul congresului.<\/p>\n<p>Acesta este al doilea Congres al ALDE, dup\u0103 cel de constituire a forma\u0163iunii prin fuziunea dintre Partidul Liberal Reformator (PLR) \u015fi Partidul Conservator (PC) din 19 iunie 2015, c\u00e2nd Daniel Constantin \u015fi C\u0103lin Popescu-T\u0103riceanu au devenit copre\u015fedin\u0163i ai forma\u0163iunii.<\/p>\n<p>&#8216;\u00cen prima zi a congresului vom vota modific\u0103rile la statut \u015fi s\u00e2mb\u0103t\u0103 principalele dou\u0103 puncte pe ordinea de zi vor fi dezbaterea \u015fi adoptarea unor mo\u0163iuni \u015fi rezolu\u0163ii \u00een prima parte \u015fi, dup\u0103 aceea, votul pentru conducerea organismelor statutare&#8217;, a anun\u0163at, joi, la Senat, copre\u015fedintele ALDE C\u0103lin Popescu-T\u0103riceanu.<\/p>\n<p>T\u0103riceanu a precizat c\u0103 nu \u015fi-a depus candidatura \u00eenc\u0103 pentru func\u0163ia de pre\u015fedinte \u015fi c\u0103 &#8216;a\u015fteapt\u0103 ultima clip\u0103&#8217;.<\/p>\n<p>Vineri, deschiderea lucr\u0103rilor Congresului ALDE (ora 16,00) va fi precedat\u0103 de \u015fedin\u0163a Biroului Politic Central al forma\u0163iunii (ora 13,00) \u015fi de Delega\u0163ia Permanent\u0103 Na\u0163ional\u0103 ALDE (ora 13,30).<\/p>\n<p>\u00cen cursul zilei de s\u00e2mb\u0103t\u0103, de la ora 10,00, vor continua lucr\u0103rile Congresului ALDE, c\u00e2nd va fi votat\u0103 noua conducere a partidului.<\/p>\n<p>La Delega\u0163ia Permanent\u0103 a ALDE din 19 martie, c\u00e2nd s-a decis convocarea Congresului forma\u0163iunii pentru 21 &#8211; 22 aprilie, copre\u015fedintele ALDE Daniel Constantin a p\u0103r\u0103sit lucr\u0103rile reuniunii, \u00eenso\u0163it de un grup de membri ai forma\u0163iunii, \u015fi a denun\u0163at \u015fedin\u0163a ca fiind nestatutar\u0103. Ulterior, pe 26 martie, Biroul Politic Central al Alian\u0163ei Liberalilor \u015fi Democra\u0163ilor a decis retragerea sprijinului politic pentru copre\u015fedintele forma\u0163iunii, Daniel Constantin, vicepremier \u015fi ministru al Mediului.<\/p>\n<p>Constantin a atacat \u00een instan\u0163\u0103 decizia de convocare a Congresului, iar ALDE a informat c\u0103 Tribunalul Bucure\u015fti a respins pe 13 aprilie contesta\u0163ia acestuia. Recursul lui Daniel Constantin, care trebuia judecat pe 20 aprilie, s-a am\u00e2nat pentru data de 19 mai.<\/p>\n<p>Sursa: Agerpres\n<\/p><\/div>\n<p> Source URL: https:\/\/observatornews.ro\/politic\/congres-alde-pentru-o-noua-conducere-tariceanu-asteapta-ultima-clipa-207056.html<\/p>\n","protected":false},"excerpt":{"rendered":"<p>Delega\u0163i din toate cele 47 de filiale ale Alian\u0163ei Liberalilor \u015fi Democra\u0163ilor (ALDE) se vor reuni, vineri \u015fi s\u00e2mb\u0103t\u0103, la Palatul Parlamentului, pentru a-\u015fi alege o nou\u0103 conducere \u00een cadrul congresului. Delega\u0163i din toate cele 47 de filiale ale Alian\u0163ei Liberalilor \u015fi Democra\u0163ilor (ALDE) se vor reuni, vineri \u015fi s\u00e2mb\u0103t\u0103, la Palatul Parlamentului, pentru a-\u015fi [&hellip;]<\/p>\n","protected":false},"author":1,"featured_media":363127,"comment_status":"open","ping_status":"","sticky":false,"template":"","format":"standard","meta":{"footnotes":""},"categories":[2],"tags":[30],"class_list":["post-363126","post","type-post","status-publish","format-standard","has-post-thumbnail","hentry","category-politics","tag-observatornews-ro"],"_links":{"self":[{"href":"https:\/\/analyse.optim.biz\/index.php?rest_route=\/wp\/v2\/posts\/363126","targetHints":{"allow":["GET"]}}],"collection":[{"href":"https:\/\/analyse.optim.biz\/index.php?rest_route=\/wp\/v2\/posts"}],"about":[{"href":"https:\/\/analyse.optim.biz\/index.php?rest_route=\/wp\/v2\/types\/post"}],"author":[{"embeddable":true,"href":"https:\/\/analyse.optim.biz\/index.php?rest_route=\/wp\/v2\/users\/1"}],"replies":[{"embeddable":true,"href":"https:\/\/analyse.optim.biz\/index.php?rest_route=%2Fwp%2Fv2%2Fcomments&post=363126"}],"version-history":[{"count":0,"href":"https:\/\/analyse.optim.biz\/index.php?rest_route=\/wp\/v2\/posts\/363126\/revisions"}],"wp:featuredmedia":[{"embeddable":true,"href":"https:\/\/analyse.optim.biz\/index.php?rest_route=\/wp\/v2\/media\/363127"}],"wp:attachment":[{"href":"https:\/\/analyse.optim.biz\/index.php?rest_route=%2Fwp%2Fv2%2Fmedia&parent=363126"}],"wp:term":[{"taxonomy":"category","embeddable":true,"href":"https:\/\/analyse.optim.biz\/index.php?rest_route=%2Fwp%2Fv2%2Fcategories&post=363126"},{"taxonomy":"post_tag","embeddable":true,"href":"https:\/\/analyse.optim.biz\/index.php?rest_route=%2Fwp%2Fv2%2Ftags&post=363126"}],"curies":[{"name":"wp","href":"https:\/\/api.w.org\/{rel}","templated":true}]}}