{"id":363099,"date":"2017-04-21T08:49:00","date_gmt":"2017-04-21T05:49:00","guid":{"rendered":"https:\/\/analyse.optim.biz\/?p=363099"},"modified":"2017-04-21T08:49:00","modified_gmt":"2017-04-21T05:49:00","slug":"legea-care-ar-permite-folosirea-limbii-maghiare-in-spitalele-din-tara-contestata-la-ccr","status":"publish","type":"post","link":"https:\/\/analyse.optim.biz\/?p=363099","title":{"rendered":"Legea care ar permite folosirea LIMBII MAGHIARE \u00een spitalele din \u0163ar\u0103, contestat\u0103 la CCR"},"content":{"rendered":"<div class=\"description\" data-key=\"description\">Parlamentarii PNL \u015fi PMP au depus o sesizare la Curtea Constitu\u0163ional\u0103 cu privire la o lege UDMR care instituie obligativitatea folosirii limbii materne \u015fi \u00een spitalele \u015fi centrele de asisten\u0163\u0103 social\u0103 din localit\u0103\u0163ile unde popula\u0163ia minoritar\u0103 dep\u0103\u015fe\u015fte 20%, dar include \u015fi un nou prag alternativ, de cel pu\u0163in 5.000 de persoane.<\/div>\n<div class=\"articleBody\" data-key=\"articleBody\">Parlamentarii PNL \u015fi PMP au depus o sesizare la Curtea Constitu\u0163ional\u0103 cu privire la o lege UDMR care instituie obligativitatea folosirii limbii materne \u015fi \u00een spitalele \u015fi centrele de asisten\u0163\u0103 social\u0103 din localit\u0103\u0163ile unde popula\u0163ia minoritar\u0103 dep\u0103\u015fe\u015fte 20%, dar include \u015fi un nou prag alternativ, de cel pu\u0163in 5.000 de persoane. <\/p>\n<p>UDMR critic\u0103 obiec\u0163ia ridicat\u0103 la CCR, acuz\u00e2nd un comportament &#8220;ostil&#8221; al opozi\u0163iei, \u00een condi\u0163iile \u00een care PNL \u015fi PMP au votat proiectul \u00een Parlament.<\/p>\n<p>Legea criticat\u0103 a fost ini\u0163iat\u0103 de UDMR \u015fi prevede c\u0103 \u00een unit\u0103\u0163ile administrativ-teritoriale unde popula\u0163ia minoritar\u0103 este de cel pu\u0163in 20%, \u00een spitale \u015fi centrele de asisten\u0163\u0103 social\u0103 vor fi asigura\u0163i cunosc\u0103tori ai limbilor minorit\u0103\u0163ilor na\u0163ionale. Totodat\u0103, este introdus \u015fi un prag alternativ, de minimum 5.000 de cet\u0103\u0163eni ai minorit\u0103\u0163ilor pentru ca spitalele \u015fi centrele de asisten\u0163\u0103 s\u0103 angajeze cunosc\u0103tori ai limbii materne respective.<\/p>\n<p>PNL a sesizat CCR cu privire la acest proiect, cu semn\u0103turi venite \u015fi de la PMP.<\/p>\n<p>&#8220;Aceast\u0103 reglementare dep\u0103\u015fe\u015fte cadrul asigurat minorit\u0103\u0163ilor na\u0163ionale \u015fi este de natur\u0103 a institui un criteriu discriminatoriu inclusiv fa\u0163\u0103 de cet\u0103\u0163enii rom\u00e2ni de alte etnii. \u00cen plus, contrar jurispruden\u0163ei Cur\u0163ii Constitu\u0163ionale, proiectul de lege nu prevede sursele de finan\u0163are necesare punerii \u00een aplicare a acestuia. Men\u0163ion\u0103m cu acest prilej c\u0103 actualul cadru legislativ \u00een vigoare privitor la minorit\u0103\u0163ile na\u0163ionale asigur\u0103 un grad de protec\u0163ie ridicat al acestora \u00een raport cu exigen\u0163ele europene \u00een materie, fa\u0163\u0103 de care PNL \u015fi-a adus contribu\u0163ia de-a lungul timpului&#8221;, se arat\u0103 \u00eentr-un comunicat al PNL.<\/p>\n<p>Liberalii consider\u0103 c\u0103 acest proiect &#8220;obstruc\u0163ioneaz\u0103 activitatea institu\u0163iilor vizate \u015fi greveaz\u0103 autorit\u0103\u0163ile locale de sume pentru care nu este prev\u0103zut\u0103 sursa de finan\u0163are&#8221;.<\/p>\n<p>\u00cen replic\u0103 la ac\u0163iunea PNL \u015fi PMP, UDMR a transmis c\u0103 este vorba despre o atitudine &#8220;ostil\u0103&#8221;.<\/p>\n<p>&#8220;O astfel de atitudine demonstreaz\u0103, din nefericire, c\u0103 aceste partide nu dau dovad\u0103 de deschidere \u015fi respect\u00a0 pentru minorit\u0103\u0163ile na\u0163ionale, de\u015fi se folosesc adesea de ace\u015fti termeni \u00een retorica pe care o adopt\u0103 \u00een apari\u0163iile publice. (&#8230;) \u00cen documentul \u00eenaintat Cur\u0163ii Constitu\u0163ionale, semnat de 124 de deputa\u0163i, ace\u015ftia afirm\u0103 c\u0103 proiectul de lege ini\u0163iat de UDMR nu asigur\u0103 egalitatea tuturor membrilor societ\u0103\u0163ii \u00een fa\u0163a legii. Obiec\u0163iile constitu\u0163ionale depuse de PNL, USR \u015fi PMP sunt, \u00een mod clar, anti-minoritare&#8221;, se arat\u0103 \u00een comunicatul UDMR, semnat de Kelemen Hunor.<\/p>\n<p>Legea a fost adoptat\u0103 de Camera Deputa\u0163ilor \u00een unanimitate, pe 11 aprilie. Inclusiv 52 de deputa\u0163i PNL au votat proiectul, iar unul se afla \u00een sal\u0103, dar nu \u015fi-a exprimat nicio op\u0163iune. Pre\u015fedintele PNL, Raluca Turcan, a votat \u015fi ea proiectul. Din partea PMP, to\u0163i cei 15 parlamentari prezen\u0163i au votat &#8220;pentru&#8221;.<\/p>\n<p>Sursa: News.ro\n<\/p><\/div>\n<p> Source URL: https:\/\/observatornews.ro\/politic\/legea-care-ar-permite-folosirea-limbii-maghiare-in-spitalele-din-tara-contestata-la-ccr-207090.html<\/p>\n","protected":false},"excerpt":{"rendered":"<p>Parlamentarii PNL \u015fi PMP au depus o sesizare la Curtea Constitu\u0163ional\u0103 cu privire la o lege UDMR care instituie obligativitatea folosirii limbii materne \u015fi \u00een spitalele \u015fi centrele de asisten\u0163\u0103 social\u0103 din localit\u0103\u0163ile unde popula\u0163ia minoritar\u0103 dep\u0103\u015fe\u015fte 20%, dar include \u015fi un nou prag alternativ, de cel pu\u0163in 5.000 de persoane. Parlamentarii PNL \u015fi PMP [&hellip;]<\/p>\n","protected":false},"author":1,"featured_media":0,"comment_status":"open","ping_status":"","sticky":false,"template":"","format":"standard","meta":{"footnotes":""},"categories":[2],"tags":[30],"class_list":["post-363099","post","type-post","status-publish","format-standard","hentry","category-politics","tag-observatornews-ro"],"_links":{"self":[{"href":"https:\/\/analyse.optim.biz\/index.php?rest_route=\/wp\/v2\/posts\/363099","targetHints":{"allow":["GET"]}}],"collection":[{"href":"https:\/\/analyse.optim.biz\/index.php?rest_route=\/wp\/v2\/posts"}],"about":[{"href":"https:\/\/analyse.optim.biz\/index.php?rest_route=\/wp\/v2\/types\/post"}],"author":[{"embeddable":true,"href":"https:\/\/analyse.optim.biz\/index.php?rest_route=\/wp\/v2\/users\/1"}],"replies":[{"embeddable":true,"href":"https:\/\/analyse.optim.biz\/index.php?rest_route=%2Fwp%2Fv2%2Fcomments&post=363099"}],"version-history":[{"count":0,"href":"https:\/\/analyse.optim.biz\/index.php?rest_route=\/wp\/v2\/posts\/363099\/revisions"}],"wp:attachment":[{"href":"https:\/\/analyse.optim.biz\/index.php?rest_route=%2Fwp%2Fv2%2Fmedia&parent=363099"}],"wp:term":[{"taxonomy":"category","embeddable":true,"href":"https:\/\/analyse.optim.biz\/index.php?rest_route=%2Fwp%2Fv2%2Fcategories&post=363099"},{"taxonomy":"post_tag","embeddable":true,"href":"https:\/\/analyse.optim.biz\/index.php?rest_route=%2Fwp%2Fv2%2Ftags&post=363099"}],"curies":[{"name":"wp","href":"https:\/\/api.w.org\/{rel}","templated":true}]}}