{"id":363002,"date":"2017-04-23T18:48:00","date_gmt":"2017-04-23T15:48:00","guid":{"rendered":"https:\/\/analyse.optim.biz\/?p=363002"},"modified":"2017-04-23T18:48:00","modified_gmt":"2017-04-23T15:48:00","slug":"liviu-dragnea-a-anuntat-o-noua-remaniere-a-guvernului-grindeanu-mai-mult-de-doi-ministri","status":"publish","type":"post","link":"https:\/\/analyse.optim.biz\/?p=363002","title":{"rendered":"Liviu Dragnea a anun\u0163at O NOU\u0102 REMANIERE a guvernului Grindeanu: &#8220;Mai mult de doi mini\u015ftri&#8230;&#8221;"},"content":{"rendered":"<div class=\"description\" data-key=\"description\">Pre\u015fedintele Partidului Social Democrat (PSD), Liviu Dragnea, a declarat duminic\u0103 seara c\u0103 are &#8216;sub lup\u0103&#8217; mai mult de doi mini\u015ftri din cabinetul Grindeanu, care nu au \u0163inut pasul cu programul de guvernare.<\/div>\n<div class=\"articleBody\" data-key=\"articleBody\">Pre\u015fedintele Partidului Social Democrat (PSD), Liviu Dragnea, a declarat duminic\u0103 seara c\u0103 are &#8216;sub lup\u0103&#8217; mai mult de doi mini\u015ftri din cabinetul Grindeanu, care nu au \u0163inut pasul cu programul de guvernare.<\/p>\n<p>&#8220;Din p\u0103cate, mai mult de doi mini\u015ftri (sub lup\u0103 n.r.). Nu sunt mini\u015ftri r\u0103i, dar eu am spus dup\u0103 alegeri, \u015fi \u00eenainte de formarea Guvernului, \u015fi c\u00e2nd s-a format \u015fi imediat dup\u0103, c\u0103 acest program de guvernare este unul foarte riguros, care are obiective foarte importante \u015fi cu care nu po\u0163i s\u0103 te joci. Adic\u0103 fiecare ministru are clar un parcurs stabilit \u00een acel program votat, legitimat de oameni, \u015fi unii au mers pe un ritm obi\u015fnuit ca unor guvern\u0103ri anterioare. Nu merge.&#8221;, a precizat Liviu Dragnea, la Antena 3.<\/p>\n<p>Liderul PSD a afirmat c\u0103 presupune c\u0103 ace\u015fti mini\u015ftri se afl\u0103 \u015fi \u00een aten\u0163ia prim-ministrului Sorin Grindeanu.<\/p>\n<p>&#8220;Eu cred c\u0103 sunt \u015fi sub lupa premierului. Cred c\u0103 privim cu aceea\u015fi lup\u0103&#8221;, a mai spus Liviu Dragnea.<\/p>\n<p>De\u015fi nu a nominalizat mini\u015ftrii viza\u0163i, \u00een cadrul emisiunii Dragnea a f\u0103cut referire la activitatea ministrului Justi\u0163iei, Tudorel Toader, men\u0163ion\u00e2nd c\u0103 nu regret\u0103 c\u0103 l-a sprijinit pentru aceast\u0103 func\u0163ie, dar nici nu poate spune c\u0103 este &#8216;foarte fericit&#8217;.\u00a0\n<\/p><\/div>\n<p> Source URL: https:\/\/observatornews.ro\/politic\/liviu-dragnea-a-anuntat-o-noua-remaniere-a-guvernului-grindeanu-mai-mult-de-doi-ministri-207316.html<\/p>\n","protected":false},"excerpt":{"rendered":"<p>Pre\u015fedintele Partidului Social Democrat (PSD), Liviu Dragnea, a declarat duminic\u0103 seara c\u0103 are &#8216;sub lup\u0103&#8217; mai mult de doi mini\u015ftri din cabinetul Grindeanu, care nu au \u0163inut pasul cu programul de guvernare. Pre\u015fedintele Partidului Social Democrat (PSD), Liviu Dragnea, a declarat duminic\u0103 seara c\u0103 are &#8216;sub lup\u0103&#8217; mai mult de doi mini\u015ftri din cabinetul Grindeanu, [&hellip;]<\/p>\n","protected":false},"author":1,"featured_media":363003,"comment_status":"open","ping_status":"","sticky":false,"template":"","format":"standard","meta":{"footnotes":""},"categories":[2],"tags":[30],"class_list":["post-363002","post","type-post","status-publish","format-standard","has-post-thumbnail","hentry","category-politics","tag-observatornews-ro"],"_links":{"self":[{"href":"https:\/\/analyse.optim.biz\/index.php?rest_route=\/wp\/v2\/posts\/363002","targetHints":{"allow":["GET"]}}],"collection":[{"href":"https:\/\/analyse.optim.biz\/index.php?rest_route=\/wp\/v2\/posts"}],"about":[{"href":"https:\/\/analyse.optim.biz\/index.php?rest_route=\/wp\/v2\/types\/post"}],"author":[{"embeddable":true,"href":"https:\/\/analyse.optim.biz\/index.php?rest_route=\/wp\/v2\/users\/1"}],"replies":[{"embeddable":true,"href":"https:\/\/analyse.optim.biz\/index.php?rest_route=%2Fwp%2Fv2%2Fcomments&post=363002"}],"version-history":[{"count":0,"href":"https:\/\/analyse.optim.biz\/index.php?rest_route=\/wp\/v2\/posts\/363002\/revisions"}],"wp:featuredmedia":[{"embeddable":true,"href":"https:\/\/analyse.optim.biz\/index.php?rest_route=\/wp\/v2\/media\/363003"}],"wp:attachment":[{"href":"https:\/\/analyse.optim.biz\/index.php?rest_route=%2Fwp%2Fv2%2Fmedia&parent=363002"}],"wp:term":[{"taxonomy":"category","embeddable":true,"href":"https:\/\/analyse.optim.biz\/index.php?rest_route=%2Fwp%2Fv2%2Fcategories&post=363002"},{"taxonomy":"post_tag","embeddable":true,"href":"https:\/\/analyse.optim.biz\/index.php?rest_route=%2Fwp%2Fv2%2Ftags&post=363002"}],"curies":[{"name":"wp","href":"https:\/\/api.w.org\/{rel}","templated":true}]}}