{"id":362959,"date":"2017-04-24T04:09:00","date_gmt":"2017-04-24T01:09:00","guid":{"rendered":"https:\/\/analyse.optim.biz\/?p=362959"},"modified":"2017-04-24T04:09:00","modified_gmt":"2017-04-24T01:09:00","slug":"legea-salarizarii-asteptata-in-parlament-liberalii-sunt-sceptici-sta-in-sertarul-bine-ferecat-al-senatului","status":"publish","type":"post","link":"https:\/\/analyse.optim.biz\/?p=362959","title":{"rendered":"LEGEA SALARIZ\u0102RII, a\u015fteptat\u0103 \u00een Parlament. Liberalii sunt sceptici: &#8220;st\u0103 \u00een sertarul bine ferecat al Senatului&#8217;"},"content":{"rendered":"<div class=\"description\" data-key=\"description\">Proiectul legii salariz\u0103rii unitare ar putea fi depus luni \u00een Parlament, potrivit ultimelor declara\u0163ii f\u0103cute de liderul PSD, Liviu Dragnea. Reprezentan\u0163ii PNL spun, \u00eens\u0103, c\u0103 propunerea nu a fost pus\u0103 \u00een dezbaterea Senatului.<\/div>\n<div class=\"articleBody\" data-key=\"articleBody\">Proiectul legii salariz\u0103rii unitare ar putea fi depus luni \u00een Parlament, potrivit ultimelor declara\u0163ii f\u0103cute de liderul PSD, Liviu Dragnea. Reprezentan\u0163ii PNL spun, \u00eens\u0103, c\u0103 propunerea nu a fost pus\u0103 \u00een\u00a0dezbaterea Senatului.<\/p>\n<p>&#8216;Am stabilit s\u0103 depunem luni legea salariz\u0103rii (\u00een Parlament &#8211; n.r.). (&#8230;) Foarte mul\u0163i oameni au \u00eenceput s\u0103 \u00een\u0163eleag\u0103 ce este \u00een acea lege. Ceea ce ne-a interesat \u015fi m-a interesat, ca legea s\u0103 intre \u00een Parlament dup\u0103 ce cea mai mare parte din societate \u00een\u0163elege ce e \u00een ea&#8217;, a declarat Dragnea, la Palatul Parlamentului, s\u0103pt\u0103m\u00e2na trecut\u0103.<\/p>\n<p>El a ad\u0103ugat c\u0103 este posibil ca proiectul ini\u0163ial s\u0103 sufere foarte mici modific\u0103ri.<\/p>\n<p>Premierul Sorin Grindeanu a sus\u0163inut, s\u0103pt\u0103m\u00e2na trecut\u0103, c\u0103 dezbaterea legii salariz\u0103rii unitare \u00een Parlament este un lucru benefic pentru ca sistemul s\u0103 fie repus pe o baz\u0103 corect\u0103 \u015fi echitabil\u0103.<\/p>\n<p>&#8216;Legea salariz\u0103rii e o m\u0103sur\u0103 pe care trebuie s-o adopt\u0103m. Faptul c\u0103 aceste s\u0103pt\u0103m\u00e2ni sunt folosite pentru a primi amendamente, a se discuta foarte mult \u00een Parlament, e un lucru foarte bun. Cred c\u0103 greutatea unei asemenea legi, impactul pe care o asemenea lege \u00eel are asupra vie\u0163ii tuturor rom\u00e2nilor e mai bine sus\u0163inut de o dezbatere \u00een forul care trebuie s\u0103 dezbat\u0103 \u015fi s\u0103 adopte legi, \u015fi anume Parlamentul Rom\u00e2niei. Faptul c\u0103 acest lucru se va desf\u0103\u015fura acolo, cu amendamente, cu discu\u0163ii, cu tot ceea ce \u00eenseamn\u0103 dezbatere parlamentar\u0103 e un lucru foarte bun, fiind asumat\u0103 aceast\u0103 lege nu de un partid, ci de coali\u0163ia care sus\u0163ine aceast\u0103 (guvernare &#8211; n.r.)&#8217;, a declarat Grindeanu, ad\u0103ug\u00e2nd c\u0103 bugetar necesar \u00een 2020 va ajunge la 32 de miliarde de lei.<\/p>\n<p>\u00cen schimb, pre\u015fedintele interimar al PNL, Raluca Turcan, ar\u0103ta c\u0103 PSD-ALDE se afl\u0103 &#8216;\u00eentre ciocan \u015fi nicoval\u0103&#8217; cu Legea salariz\u0103rii unitare \u015fi se declara sceptic\u0103 asupra capacit\u0103\u0163ii social-democra\u0163ilor de a livra ceea ce\u00a0promit.<\/p>\n<p>&#8216;Ce au promis \u015fi ce au livrat. Cel mai bun exemplu pentru nebuloasa Legii salariz\u0103rii unitare, pe care PSD-ALDE au supralicitat iar acum s-a a\u015fternut t\u0103cerea, este m\u0103sura TVA zero! \u00ce\u015fi mai aduce cineva aminte c\u0103 trebuia aplicat\u0103 \u00eencep\u00e2nd cu 1 martie?! La fel ca \u015fi \u00een cazul Legii salariz\u0103rii, propunerea nu a fost asumat\u0103 de Guvern, ci expediat\u0103 prin semn\u0103tura lui Liviu Dragnea \u00eentr-o ini\u0163iativ\u0103 legislativ\u0103. Nici p\u00e2n\u0103 ast\u0103zi nu a fost pus\u0103 \u00een dezbaterea Senatului, nici m\u0103car \u00een comisiile de specialitate, pentru c\u0103 st\u0103 \u00een sertarul bine ferecat al conducerii Senatului&#8217;, a scris Turcan pe Facebook.<\/p>\n<p>De asemenea, ea anun\u0163a c\u0103 PNL va depune amendamente la legea salariz\u0103rii unitare atunci c\u00e2nd PSD sau Guvernul \u00ee\u015fi vor asuma public proiectul.<\/p>\n<p>&#8216;Sunt preg\u0103tite pozi\u0163ii ale PNL cu privire la legea salariz\u0103rii unitare, \u00eens\u0103 ar fi culmea s\u0103 intr\u0103m \u00een acest joc neserios al PSD, s\u0103 facem amendamente pe un proiect care este mutat de la unul la altul \u00een interiorul PSD. \u00cen momentul \u00een care PSD \u00ee\u015fi va asuma un proiect cap-coad\u0103, atunci PNL va propune amendament&#8221;, sublinia Turcan.<\/p>\n<p>Sursa: Agerpres\n<\/p><\/div>\n<p> Source URL: https:\/\/observatornews.ro\/politic\/legea-salarizarii-asteptata-in-parlament-liberalii-sunt-sceptici-sta-in-sertarul-bine-ferecat-al-conducerii-senatului-207326.html<\/p>\n","protected":false},"excerpt":{"rendered":"<p>Proiectul legii salariz\u0103rii unitare ar putea fi depus luni \u00een Parlament, potrivit ultimelor declara\u0163ii f\u0103cute de liderul PSD, Liviu Dragnea. Reprezentan\u0163ii PNL spun, \u00eens\u0103, c\u0103 propunerea nu a fost pus\u0103 \u00een dezbaterea Senatului. Proiectul legii salariz\u0103rii unitare ar putea fi depus luni \u00een Parlament, potrivit ultimelor declara\u0163ii f\u0103cute de liderul PSD, Liviu Dragnea. Reprezentan\u0163ii PNL [&hellip;]<\/p>\n","protected":false},"author":1,"featured_media":0,"comment_status":"open","ping_status":"","sticky":false,"template":"","format":"standard","meta":{"footnotes":""},"categories":[2],"tags":[30],"class_list":["post-362959","post","type-post","status-publish","format-standard","hentry","category-politics","tag-observatornews-ro"],"_links":{"self":[{"href":"https:\/\/analyse.optim.biz\/index.php?rest_route=\/wp\/v2\/posts\/362959","targetHints":{"allow":["GET"]}}],"collection":[{"href":"https:\/\/analyse.optim.biz\/index.php?rest_route=\/wp\/v2\/posts"}],"about":[{"href":"https:\/\/analyse.optim.biz\/index.php?rest_route=\/wp\/v2\/types\/post"}],"author":[{"embeddable":true,"href":"https:\/\/analyse.optim.biz\/index.php?rest_route=\/wp\/v2\/users\/1"}],"replies":[{"embeddable":true,"href":"https:\/\/analyse.optim.biz\/index.php?rest_route=%2Fwp%2Fv2%2Fcomments&post=362959"}],"version-history":[{"count":0,"href":"https:\/\/analyse.optim.biz\/index.php?rest_route=\/wp\/v2\/posts\/362959\/revisions"}],"wp:attachment":[{"href":"https:\/\/analyse.optim.biz\/index.php?rest_route=%2Fwp%2Fv2%2Fmedia&parent=362959"}],"wp:term":[{"taxonomy":"category","embeddable":true,"href":"https:\/\/analyse.optim.biz\/index.php?rest_route=%2Fwp%2Fv2%2Fcategories&post=362959"},{"taxonomy":"post_tag","embeddable":true,"href":"https:\/\/analyse.optim.biz\/index.php?rest_route=%2Fwp%2Fv2%2Ftags&post=362959"}],"curies":[{"name":"wp","href":"https:\/\/api.w.org\/{rel}","templated":true}]}}