{"id":362958,"date":"2017-04-24T04:38:00","date_gmt":"2017-04-24T01:38:00","guid":{"rendered":"https:\/\/analyse.optim.biz\/?p=362958"},"modified":"2017-04-24T04:38:00","modified_gmt":"2017-04-24T01:38:00","slug":"gratierea-pedepselor-pentru-condamnati-din-nou-pe-masa-senatorilor-juristi","status":"publish","type":"post","link":"https:\/\/analyse.optim.biz\/?p=362958","title":{"rendered":"GRA\u0162IEREA PEDEPSELOR pentru condamna\u0163i, din nou pe masa senatorilor juri\u015fti"},"content":{"rendered":"<div class=\"description\" data-key=\"description\">Senatorii juri\u015fti ar putea relua luni, dezbaterile asupra proiectului de lege privind gra\u0163ierea unor pedepse.<\/div>\n<div class=\"articleBody\" data-key=\"articleBody\">Senatorii juri\u015fti ar putea relua luni, dezbaterile asupra proiectului de lege privind gra\u0163ierea unor pedepse.<\/p>\n<p>Proiectul de lege pentru gra\u0163ierea unor pedepse \u015fi a unor m\u0103suri educative privative de libertate aflat \u00een dezbaterea Comisiei juridice din Senat de la \u00eenceputul lunii februarie se afl\u0103 \u00een preajma datei de adoptare tacit\u0103 (25 aprilie), actul normativ fiind am\u00e2nat pentru luni \u00een vederea continu\u0103rii dezbaterilor.<\/p>\n<p>Administra\u0163ia Na\u0163ional\u0103 a Penitenciarelor a prezentat s\u0103pt\u0103m\u00e2na trecut\u0103 o simulare pe care a transmis-o Comisiei juridice. Conform documentului, 2.765 de persoane ar putea beneficia de prevederile proiectului de lege \u00een forma amendat\u0103 de senatorul \u015eerban Nicolae, dac\u0103 ar fi adoptat de Parlament, de cele \u00een forma Guvernului ar beneficia 1.190 de persoane, iar \u00een forma propus\u0103 de Consiliul Superior al Magistraturii &#8211; 888.<\/p>\n<p>Totodat\u0103, \u00een varianta propus\u0103 de Asocia\u0163ia Magistra\u0163ilor din Rom\u00e2nia ar fi gra\u0163ia\u0163i 945 de condamna\u0163i, dintre care 71 ar fi femei \u00eens\u0103rcinate sau unici \u00eentre\u0163in\u0103tori de familie. Parchetul de pe l\u00e2ng\u0103 \u00cenalta Curte de Casa\u0163ie \u015fi Justi\u0163ie are o propunere de care ar beneficia 974 de persoane, iar Uniunea Na\u0163ional\u0103 a Barourilor din Rom\u00e2nia a prezentat o variant\u0103 cu 899 de persoane ale c\u0103ror pedepse ar putea fi gra\u0163iate, conform simul\u0103rii.<\/p>\n<p>Potrivit propunerii pre\u015fedintelui Comisiei juridice din Senat, \u015eerban Nicolae, simularea relev\u0103 c\u0103 ar putea beneficia de gra\u0163iere 246 de persoane care au fost condamnate pentru s\u0103v\u00e2r\u015firea unor infrac\u0163iuni de corup\u0163ie.<\/p>\n<p>Pe 21 martie, ministrul Justi\u0163iei, Tudorel Toader, le-a solicitat senatorilor din Comisia juridic\u0103 s\u0103 am\u00e2ne dezbaterea proiectului de lege privind gra\u0163ierea, ar\u0103t\u00e2nd c\u0103 se preg\u0103tesc \u015fi alte m\u0103suri complementare, menite s\u0103 rezolve problemele din sistemul penitenciar. El sus\u0163inea c\u0103 noul pachet legislativ va fi finalizat \u00een cel mult trei s\u0103pt\u0103m\u00e2ni.<\/p>\n<p>Secretarul de stat \u00een MJ Sofia Mariana Mo\u0163 a informat comisia c\u0103 pachetul legislativ se afl\u0103 \u00een procedura aviz\u0103rii. Pre\u015fedintele Comisiei juridice, \u015eerban Nicolae, i-a transmis miercuri secretarului de stat c\u0103 ministrul Justi\u0163iei este a\u015fteptat mar\u0163ea viitoare, pe 25 aprilie, la ora 14,00, la Senat.<\/p>\n<p>Sursa: Agerpres\n<\/p><\/div>\n<p> Source URL: https:\/\/observatornews.ro\/politic\/gratierea-pedepselor-pentru-condamnati-din-nou-pe-masa-senatorilor-juristi-207327.html<\/p>\n","protected":false},"excerpt":{"rendered":"<p>Senatorii juri\u015fti ar putea relua luni, dezbaterile asupra proiectului de lege privind gra\u0163ierea unor pedepse. Senatorii juri\u015fti ar putea relua luni, dezbaterile asupra proiectului de lege privind gra\u0163ierea unor pedepse. Proiectul de lege pentru gra\u0163ierea unor pedepse \u015fi a unor m\u0103suri educative privative de libertate aflat \u00een dezbaterea Comisiei juridice din Senat de la \u00eenceputul [&hellip;]<\/p>\n","protected":false},"author":1,"featured_media":0,"comment_status":"open","ping_status":"","sticky":false,"template":"","format":"standard","meta":{"footnotes":""},"categories":[2],"tags":[30],"class_list":["post-362958","post","type-post","status-publish","format-standard","hentry","category-politics","tag-observatornews-ro"],"_links":{"self":[{"href":"https:\/\/analyse.optim.biz\/index.php?rest_route=\/wp\/v2\/posts\/362958","targetHints":{"allow":["GET"]}}],"collection":[{"href":"https:\/\/analyse.optim.biz\/index.php?rest_route=\/wp\/v2\/posts"}],"about":[{"href":"https:\/\/analyse.optim.biz\/index.php?rest_route=\/wp\/v2\/types\/post"}],"author":[{"embeddable":true,"href":"https:\/\/analyse.optim.biz\/index.php?rest_route=\/wp\/v2\/users\/1"}],"replies":[{"embeddable":true,"href":"https:\/\/analyse.optim.biz\/index.php?rest_route=%2Fwp%2Fv2%2Fcomments&post=362958"}],"version-history":[{"count":0,"href":"https:\/\/analyse.optim.biz\/index.php?rest_route=\/wp\/v2\/posts\/362958\/revisions"}],"wp:attachment":[{"href":"https:\/\/analyse.optim.biz\/index.php?rest_route=%2Fwp%2Fv2%2Fmedia&parent=362958"}],"wp:term":[{"taxonomy":"category","embeddable":true,"href":"https:\/\/analyse.optim.biz\/index.php?rest_route=%2Fwp%2Fv2%2Fcategories&post=362958"},{"taxonomy":"post_tag","embeddable":true,"href":"https:\/\/analyse.optim.biz\/index.php?rest_route=%2Fwp%2Fv2%2Ftags&post=362958"}],"curies":[{"name":"wp","href":"https:\/\/api.w.org\/{rel}","templated":true}]}}