{"id":362957,"date":"2017-04-24T05:27:00","date_gmt":"2017-04-24T02:27:00","guid":{"rendered":"https:\/\/analyse.optim.biz\/?p=362957"},"modified":"2017-04-24T05:27:00","modified_gmt":"2017-04-24T02:27:00","slug":"basescu-anunta-prapadul-armata-americana-nu-va-putea-apara-niciodata-o-tara-ca-romania","status":"publish","type":"post","link":"https:\/\/analyse.optim.biz\/?p=362957","title":{"rendered":"B\u0103sescu anun\u0163\u0103 PR\u0102P\u0102DUL: Armata american\u0103 nu va putea ap\u0103ra niciodat\u0103 o \u0163ar\u0103 ca Rom\u00e2nia!"},"content":{"rendered":"<div class=\"description\" data-key=\"description\">Traian B\u0103sescu trage un semnal de alarm\u0103 \u015fi transmite un mesaj \u00eengrijor\u0103tor Guvernului condus de Sorin Grindeanu, \u00een contextul tensiunilor din &#8220;regiune \u015fi \u00een lume&#8221;.<\/div>\n<div class=\"articleBody\" data-key=\"articleBody\">Traian B\u0103sescu trage un semnal de alarm\u0103 \u015fi transmite un mesaj \u00eengrijor\u0103tor Guvernului condus de Sorin Grindeanu, \u00een contextul tensiunilor din &#8220;regiune \u015fi \u00een lume&#8221;.<\/p>\n<p>Potrivit fostului pre\u015fedinte, \u00eent\u00e2rzierile dictate de Executivul rom\u00e2n \u00een domeniul Ap\u0103r\u0103rii ne pun \u0163ara \u00een situa\u021bia de a nu se putea ap\u0103ra, \u00een cazul unui conflict armat.<\/p>\n<p>\u201dAp\u0103rarea Rom\u00e2niei ? Am\u00e2nat\u0103 !<br \/>\nLansarea comenzilor pentru achizi\u0163ia corvetelor, am\u00e2nat\u0103.<br \/>\nAchizi\u0163ia de transportoare blindate de la Moreni, am\u00e2nat\u0103.<br \/>\nAchizi\u0163ia de rachete pentr ap\u0103rarea antiaerian\u0103, am\u00e2nat\u0103.<br \/>\nAchizi\u0163ia de elicoptere de atac de la Ghimbav, am\u00e2nat\u0103.<br \/>\nAchizi\u0163ia celei de a doua escadrile de F 16, am\u00e2nat\u0103.<br \/>\nProgramul de modernizare al fregatelor, am\u00e2nat.<br \/>\nDrag\u0103 \u201eGuvern al Rom\u00e2niei\u201d, ai \u00eennebunit ? Nu vezi ce este \u00een regiune \u015fi \u00een lume ?<br \/>\nArmata american\u0103 nu va putea ap\u0103ra niciodat\u0103 o \u0163ar\u0103 ca Rom\u00e2nia, care refuz\u0103 s\u0103 se apere\u201d, a scris Traian B\u0103sescu pe Facebook.\n<\/p><\/div>\n<p> Source URL: https:\/\/observatornews.ro\/politic\/basescu-anunta-prapadul-armata-americana-nu-va-putea-apara-niciodata-o-tara-ca-romania-207341.html<\/p>\n","protected":false},"excerpt":{"rendered":"<p>Traian B\u0103sescu trage un semnal de alarm\u0103 \u015fi transmite un mesaj \u00eengrijor\u0103tor Guvernului condus de Sorin Grindeanu, \u00een contextul tensiunilor din &#8220;regiune \u015fi \u00een lume&#8221;. Traian B\u0103sescu trage un semnal de alarm\u0103 \u015fi transmite un mesaj \u00eengrijor\u0103tor Guvernului condus de Sorin Grindeanu, \u00een contextul tensiunilor din &#8220;regiune \u015fi \u00een lume&#8221;. Potrivit fostului pre\u015fedinte, \u00eent\u00e2rzierile dictate [&hellip;]<\/p>\n","protected":false},"author":1,"featured_media":0,"comment_status":"open","ping_status":"","sticky":false,"template":"","format":"standard","meta":{"footnotes":""},"categories":[2],"tags":[30],"class_list":["post-362957","post","type-post","status-publish","format-standard","hentry","category-politics","tag-observatornews-ro"],"_links":{"self":[{"href":"https:\/\/analyse.optim.biz\/index.php?rest_route=\/wp\/v2\/posts\/362957","targetHints":{"allow":["GET"]}}],"collection":[{"href":"https:\/\/analyse.optim.biz\/index.php?rest_route=\/wp\/v2\/posts"}],"about":[{"href":"https:\/\/analyse.optim.biz\/index.php?rest_route=\/wp\/v2\/types\/post"}],"author":[{"embeddable":true,"href":"https:\/\/analyse.optim.biz\/index.php?rest_route=\/wp\/v2\/users\/1"}],"replies":[{"embeddable":true,"href":"https:\/\/analyse.optim.biz\/index.php?rest_route=%2Fwp%2Fv2%2Fcomments&post=362957"}],"version-history":[{"count":0,"href":"https:\/\/analyse.optim.biz\/index.php?rest_route=\/wp\/v2\/posts\/362957\/revisions"}],"wp:attachment":[{"href":"https:\/\/analyse.optim.biz\/index.php?rest_route=%2Fwp%2Fv2%2Fmedia&parent=362957"}],"wp:term":[{"taxonomy":"category","embeddable":true,"href":"https:\/\/analyse.optim.biz\/index.php?rest_route=%2Fwp%2Fv2%2Fcategories&post=362957"},{"taxonomy":"post_tag","embeddable":true,"href":"https:\/\/analyse.optim.biz\/index.php?rest_route=%2Fwp%2Fv2%2Ftags&post=362957"}],"curies":[{"name":"wp","href":"https:\/\/api.w.org\/{rel}","templated":true}]}}