{"id":362703,"date":"2017-04-29T05:56:00","date_gmt":"2017-04-29T02:56:00","guid":{"rendered":"https:\/\/analyse.optim.biz\/?p=362703"},"modified":"2017-04-29T05:56:00","modified_gmt":"2017-04-29T02:56:00","slug":"magistrati-evaluati-psihologic-la-5-ani-ministerul-justitiei-a-primit-o-serie-de-propuneri-din-partea-csm","status":"publish","type":"post","link":"https:\/\/analyse.optim.biz\/?p=362703","title":{"rendered":"Magistra\u0163i evalua\u0163i psihologic, la 5 ani. Ministerul Justi\u0163iei a primit o serie de propuneri din partea CSM"},"content":{"rendered":"<div class=\"description\" data-key=\"description\">Consiliul Superior al Magistraturii (CSM) a transmis o serie de propuneri Ministerului Justi\u0163iei pentru modificarea statutului magistratului, \u00eentre care numirea \u015fefilor DNA \u015fi DIICOT la propunerea Consiliului, cu avizul ministrului Justi\u0163iei, iar pre\u015fedintele s\u0103 nu poat\u0103 refuz\u0103 numirea, precum \u015fi ca func\u0163iile de judec\u0103tor, procuror, personal de specialitate juridic\u0103 asimilat judec\u0103torilor \u015fi procurorilor \u015fi magistrat-asistent s\u0103 fie compatibile cu func\u0163ia de ministru al Justi\u0163iei. O alt\u0103 propunere ar fi testarea psihologic\u0103 periodic\u0103 a magistra\u0163ilor.<\/div>\n<div class=\"articleBody\" data-key=\"articleBody\">Consiliul Superior al Magistraturii (CSM) a transmis o serie de propuneri Ministerului Justi\u0163iei pentru modificarea statutului magistratului, \u00eentre care numirea \u015fefilor DNA \u015fi DIICOT la propunerea Consiliului, cu avizul ministrului Justi\u0163iei, iar pre\u015fedintele s\u0103 nu poat\u0103 refuz\u0103 numirea, precum \u015fi ca func\u0163iile de judec\u0103tor, procuror, personal de specialitate juridic\u0103 asimilat judec\u0103torilor \u015fi procurorilor \u015fi magistrat-asistent s\u0103 fie compatibile cu func\u0163ia de ministru al Justi\u0163iei. O alt\u0103 propunere ar fi testarea psihologic\u0103 periodic\u0103 a magistra\u0163ilor.<\/p>\n<p>CSM propune ca procurorii \u015fi judec\u0103torii s\u0103 poat\u0103 desf\u0103\u015fura activit\u0103\u0163i care s\u0103 nu fie considerate incompatibile dac\u0103 acestea sunt pe l\u00e2ng\u0103 \u201dinstitu\u0163iile de preg\u0103tire profesional\u0103 a altor profesii juridice, \u00een condi\u0163iile legii, precum \u015fi a func\u0163iilor ce decurg din obliga\u0163iile asumate de Rom\u00e2nia ca stat membru al Uniunii Europene ori care sunt ocupate pe baza unor tratate interna\u0163ionale la care Rom\u00e2nia este parte, \u00een condi\u0163iile legii\u201d. \u00cen prezent, func\u0163iile de judec\u0103tor, procuror, magistrat-asistent \u015fi asistent judiciar sunt incompatibile cu orice alte func\u0163ii publice sau private, cu excep\u0163ia func\u0163iilor didactice din \u00eenv\u0103\u0163\u0103m\u00e2ntul superior.<\/p>\n<p>\u00cen acela\u015fi timp, magistatii vor ca func\u0163iile de judec\u0103tor, procuror, personal de specialitate juridic\u0103 asimilat judec\u0103torilor \u015fi procurorilor \u015fi magistrat-asistent s\u0103 fie compatibile cu func\u0163ia de ministru al Justi\u0163iei. \u201dPe perioada exercit\u0103rii func\u0163iei de ministru, judec\u0103torul, procurorul, personalul de specialitate juridic\u0103 asimilat judec\u0103torilor \u015fi procurorilor \u015fi magistratul-asistent beneficiaz\u0103 de toate drepturile prev\u0103zute de lege pentru func\u0163ia \u00een care este numit. Dac\u0103 indemniza\u0163ia \u015fi celelalte drepturi prev\u0103zute pentru func\u0163ia \u00een care este numit sunt mai mici, acesta \u00ee\u015fi p\u0103streaz\u0103 indemniza\u0163ia de \u00eencadrare brut\u0103 lunar\u0103 \u015fi celelalte drepturi b\u0103ne\u015fti. Ministrul Justi\u0163iei, care la data numirii avea func\u0163ia de judec\u0103tor, procuror, personal de specialitate juridic\u0103 asimilat judec\u0103torilor \u015fi procurorilor sau magistrat-asistent, are dreptul, la \u00eencetarea func\u0163iei, s\u0103 revin\u0103 la postul de\u0163inut anterior\u201d, se arat\u0103 \u00een propunerea legislativ\u0103 \u00eensu\u015fit\u0103 de CSM \u015fi trimis\u0103 Ministerului Justi\u0163iei. \u00a0\u00cen acest moment, func\u0163ia de ministru al Justi\u0163iei este incompatibil\u0103 cu cea de magistrat.<\/p>\n<p>O alt\u0103 propunere este s\u0103 poate fi admis\u0103 la Institutul Na\u0163ional al Magistraturii (INM) persoana care \u201deste apt\u0103, din punct de vedere medical \u015fi psihologic, pentru exercitarea func\u0163iei&#8221;, iar comisia medical\u0103 s\u0103 fie numit\u0103 prin ordin comun al ministrului Justi\u0163iei \u015fi al ministrului S\u0103n\u0103t\u0103\u0163ii.\u00a0\u00cen prezent, nu exist\u0103 o astfel de condi\u0163ie pentru admiterea la INM.\u00a0Mai mult, CSM propune ca judec\u0103torii, procurorii, magistra\u0163ii-asisten\u0163i \u015fi personalul de specialitate juridic\u0103 asimilat judec\u0103torilor \u015fi procurorilor s\u0103 fie evalua\u0163i psihologic la fiecare 5 ani, iar dac\u0103 \u00een urma evalu\u0103rii psihologice primesc calificativul \u201enerecomandabil\u201d, s\u0103 fie obliga\u0163i s\u0103 urmeze un program de consiliere psihologic\u0103 cu o durat\u0103 de cel mult 6 luni. \u00cen prezent, nu exist\u0103 o astfel de condi\u0163ie.<\/p>\n<p>Consiliul mai propune ca admiterea pe posturile de personal de specialitate juridic\u0103 asimilat judec\u0103torilor \u015fi procurorilor din cadrul Consiliului Superior al Magistraturii \u015fi al institu\u0163iilor coordonate sau subordonate Ministerului Public, precum \u015fi al Ministerului Justi\u0163iei \u015fi al institu\u0163iilor coordonate sau subordonate s\u0103 se fac\u0103 prin concursul de admitere la Institutul Na\u0163ional al Magistraturii, iar aceste posturi s\u0103 fie eviden\u0163iate separat.<\/p>\n<p>Sursa: News.ro\n<\/p><\/div>\n<p> Source URL: https:\/\/observatornews.ro\/politic\/magistrati-evaluati-psihologic-la-5-ani-ministerul-justitiei-a-primit-o-serie-de-propuneri-din-partea-csm-208047.html<\/p>\n","protected":false},"excerpt":{"rendered":"<p>Consiliul Superior al Magistraturii (CSM) a transmis o serie de propuneri Ministerului Justi\u0163iei pentru modificarea statutului magistratului, \u00eentre care numirea \u015fefilor DNA \u015fi DIICOT la propunerea Consiliului, cu avizul ministrului Justi\u0163iei, iar pre\u015fedintele s\u0103 nu poat\u0103 refuz\u0103 numirea, precum \u015fi ca func\u0163iile de judec\u0103tor, procuror, personal de specialitate juridic\u0103 asimilat judec\u0103torilor \u015fi procurorilor \u015fi magistrat-asistent [&hellip;]<\/p>\n","protected":false},"author":1,"featured_media":362704,"comment_status":"open","ping_status":"","sticky":false,"template":"","format":"standard","meta":{"footnotes":""},"categories":[2],"tags":[30],"class_list":["post-362703","post","type-post","status-publish","format-standard","has-post-thumbnail","hentry","category-politics","tag-observatornews-ro"],"_links":{"self":[{"href":"https:\/\/analyse.optim.biz\/index.php?rest_route=\/wp\/v2\/posts\/362703","targetHints":{"allow":["GET"]}}],"collection":[{"href":"https:\/\/analyse.optim.biz\/index.php?rest_route=\/wp\/v2\/posts"}],"about":[{"href":"https:\/\/analyse.optim.biz\/index.php?rest_route=\/wp\/v2\/types\/post"}],"author":[{"embeddable":true,"href":"https:\/\/analyse.optim.biz\/index.php?rest_route=\/wp\/v2\/users\/1"}],"replies":[{"embeddable":true,"href":"https:\/\/analyse.optim.biz\/index.php?rest_route=%2Fwp%2Fv2%2Fcomments&post=362703"}],"version-history":[{"count":0,"href":"https:\/\/analyse.optim.biz\/index.php?rest_route=\/wp\/v2\/posts\/362703\/revisions"}],"wp:featuredmedia":[{"embeddable":true,"href":"https:\/\/analyse.optim.biz\/index.php?rest_route=\/wp\/v2\/media\/362704"}],"wp:attachment":[{"href":"https:\/\/analyse.optim.biz\/index.php?rest_route=%2Fwp%2Fv2%2Fmedia&parent=362703"}],"wp:term":[{"taxonomy":"category","embeddable":true,"href":"https:\/\/analyse.optim.biz\/index.php?rest_route=%2Fwp%2Fv2%2Fcategories&post=362703"},{"taxonomy":"post_tag","embeddable":true,"href":"https:\/\/analyse.optim.biz\/index.php?rest_route=%2Fwp%2Fv2%2Ftags&post=362703"}],"curies":[{"name":"wp","href":"https:\/\/api.w.org\/{rel}","templated":true}]}}