{"id":362699,"date":"2017-04-29T11:16:00","date_gmt":"2017-04-29T08:16:00","guid":{"rendered":"https:\/\/analyse.optim.biz\/?p=362699"},"modified":"2017-04-29T11:16:00","modified_gmt":"2017-04-29T08:16:00","slug":"presedintele-iohannis-discuta-soarta-romanilor-din-marea-britanie-la-consiliul-european","status":"publish","type":"post","link":"https:\/\/analyse.optim.biz\/?p=362699","title":{"rendered":"Pre\u015fedintele Iohannis discut\u0103 soarta rom\u00e2nilor din Marea Britanie, la Consiliul European"},"content":{"rendered":"<div class=\"description\" data-key=\"description\">Pre\u015fedintele Klaus Iohannis a declarat, s\u00e2mb\u0103t\u0103, \u00eenaintea \u00eenceperii lucr\u0103rilor Consiliului European de la Bruxelles, c\u0103 subiectul cel mai important privind stabilirea liniilor directoare pentru negocierile cu Marea Britanie sunt oamenii \u015fi cum le vor fi respectate drepturile, apoi banii din fondurile europene.<\/div>\n<div class=\"articleBody\" data-key=\"articleBody\">Pre\u015fedintele Klaus Iohannis a declarat, s\u00e2mb\u0103t\u0103, \u00eenaintea \u00eenceperii lucr\u0103rilor Consiliului European de la Bruxelles, c\u0103 subiectul cel mai important privind stabilirea liniilor directoare pentru negocierile cu Marea Britanie sunt oamenii \u015fi cum le vor fi respectate drepturile, apoi banii din fondurile europene.<\/p>\n<p>\u201dPentru mine, cel mai important este s\u0103 discut\u0103m despre oameni. Asta \u00eenseamn\u0103 pentru noi rom\u00e2nii care tr\u0103iesc \u00een Marea Britanie, dar putem s\u0103-i includem \u015fi pe britanicii care tr\u0103iesc \u00een Rom\u00e2nia, iar dac\u0103 extrapol\u0103m la nivelul Uniunii, vorbim despre cet\u0103\u0163enii europeni care tr\u0103iesc, muncesc \u00een Marea Britanie. Aceste lucruri trebuie clarificate primele \u015fi aceasta va fi pozi\u0163ia mea \u00een cadrul discu\u0163iilor pe care le vom avea ast\u0103zi\u201d, a declarat Klaus Iohannis.<\/p>\n<p>El a spus c\u0103 sunt milioane de europeni care s-au folosit de dreptul la libera circula\u0163ie \u015fi care \u015fi-au stabilit re\u015fedin\u0163a \u015fi \u015fi-au g\u0103sit locuri de munc\u0103 \u00een Marea Britanie, iar acum trebuie s\u0103 \u015ftie ce le rezerv\u0103 viitorul. Iohannis a precizat c\u0103 discu\u0163iile nu trebuie s\u0103 se limiteze doar la dreptul la munc\u0103, ci trebuie s\u0103 vizeze \u015fi alte chestiuni, precum dreptul la pensie sau la educa\u0163ie.<\/p>\n<p>\u201dDup\u0103 ce l\u0103murim problema oamenilor trebuie s\u0103 ajungem la a doua chestiune care sunt banii. Oamenii, dup\u0103 aceia banii. Trebuie s\u0103 stabilim foarte clar obliga\u0163iile financiare care rezult\u0103 din Brexit, cum se pot calcula, cum se pot stinge fiindc\u0103 toat\u0103 lumea are program europene \u00een derulare \u015fi pentru Rom\u00e2nia acestea sunt extrem de importante. Sunt banii pentru coeziune, banii pentru agricultur\u0103 \u015fi trebuie s\u0103 \u015ftim foarte bine pe ce bani putem conta \u015fi la care avem dreptul\u201d, a mai spus Iohannis.<\/p>\n<p>Conform programului anun\u0163at, Klaus Iohannis particip\u0103 la ora 13.30 (ora Rom\u00e2niei) la reuniunea Consiliului European cu pre\u015fedintele Parlamentului European, la ora 14.15 urm\u00e2nd s\u0103 aib\u0103 loc dejunul de lucru al \u015fefilor de stat \u015fi de Guvern. \u00cen jurul orei 16 este a\u015fteptat\u0103 conferin\u0163a de pres\u0103 a pre\u015fedintelui Consiliului European Donald Tusk \u015fi a pre\u015fedintelui Comisiei Europene, Jean Claude Juncker.<\/p>\n<p>Purt\u0103torul de cuv\u00e2nt al \u015fefului statului, M\u0103d\u0103lina Dobrovolschi, a prezentat vineri principalele teme pe care le va sus\u0163ine pre\u015fedintele la Bruxelles.<\/p>\n<p>&#8220;Pre\u015fedintele Rom\u00e2niei, domnul Klaus Iohannis, se va afla la Bruxelles, unde va participa la reuniunea special\u0103 a Consiliului European \u00een format UE 27. Aceast\u0103 reuniune este prilejuit\u0103 de faptul c\u0103 Marea Britanie a notificat \u00een leg\u0103tur\u0103 cu dorin\u0163a de a p\u0103r\u0103si Uniunea European\u0103, conform articolului 50 al Tratatului UE&#8221;, a declarat M\u0103d\u0103lina Dobrovolschi, la Palatul Cotroceni, preciz\u00e2nd c\u0103 la aceast\u0103 reuniune se va \u00eencerca g\u0103sirea unui mandat general de negociere \u00een privin\u0163a Brexit.<\/p>\n<p>Sursa: News.ro\n<\/p><\/div>\n<p> Source URL: https:\/\/observatornews.ro\/politic\/presedintele-iohannis-discuta-soarta-romanilor-din-marea-britanie-la-consiliul-european-208080.html<\/p>\n","protected":false},"excerpt":{"rendered":"<p>Pre\u015fedintele Klaus Iohannis a declarat, s\u00e2mb\u0103t\u0103, \u00eenaintea \u00eenceperii lucr\u0103rilor Consiliului European de la Bruxelles, c\u0103 subiectul cel mai important privind stabilirea liniilor directoare pentru negocierile cu Marea Britanie sunt oamenii \u015fi cum le vor fi respectate drepturile, apoi banii din fondurile europene. Pre\u015fedintele Klaus Iohannis a declarat, s\u00e2mb\u0103t\u0103, \u00eenaintea \u00eenceperii lucr\u0103rilor Consiliului European de la [&hellip;]<\/p>\n","protected":false},"author":1,"featured_media":362700,"comment_status":"open","ping_status":"","sticky":false,"template":"","format":"standard","meta":{"footnotes":""},"categories":[2],"tags":[30],"class_list":["post-362699","post","type-post","status-publish","format-standard","has-post-thumbnail","hentry","category-politics","tag-observatornews-ro"],"_links":{"self":[{"href":"https:\/\/analyse.optim.biz\/index.php?rest_route=\/wp\/v2\/posts\/362699","targetHints":{"allow":["GET"]}}],"collection":[{"href":"https:\/\/analyse.optim.biz\/index.php?rest_route=\/wp\/v2\/posts"}],"about":[{"href":"https:\/\/analyse.optim.biz\/index.php?rest_route=\/wp\/v2\/types\/post"}],"author":[{"embeddable":true,"href":"https:\/\/analyse.optim.biz\/index.php?rest_route=\/wp\/v2\/users\/1"}],"replies":[{"embeddable":true,"href":"https:\/\/analyse.optim.biz\/index.php?rest_route=%2Fwp%2Fv2%2Fcomments&post=362699"}],"version-history":[{"count":0,"href":"https:\/\/analyse.optim.biz\/index.php?rest_route=\/wp\/v2\/posts\/362699\/revisions"}],"wp:featuredmedia":[{"embeddable":true,"href":"https:\/\/analyse.optim.biz\/index.php?rest_route=\/wp\/v2\/media\/362700"}],"wp:attachment":[{"href":"https:\/\/analyse.optim.biz\/index.php?rest_route=%2Fwp%2Fv2%2Fmedia&parent=362699"}],"wp:term":[{"taxonomy":"category","embeddable":true,"href":"https:\/\/analyse.optim.biz\/index.php?rest_route=%2Fwp%2Fv2%2Fcategories&post=362699"},{"taxonomy":"post_tag","embeddable":true,"href":"https:\/\/analyse.optim.biz\/index.php?rest_route=%2Fwp%2Fv2%2Ftags&post=362699"}],"curies":[{"name":"wp","href":"https:\/\/api.w.org\/{rel}","templated":true}]}}