{"id":362631,"date":"2017-05-02T10:02:00","date_gmt":"2017-05-02T07:02:00","guid":{"rendered":"https:\/\/analyse.optim.biz\/?p=362631"},"modified":"2017-05-02T10:02:00","modified_gmt":"2017-05-02T07:02:00","slug":"ponta-are-un-mesaj-pentru-klaus-iohannis","status":"publish","type":"post","link":"https:\/\/analyse.optim.biz\/?p=362631","title":{"rendered":"Ponta are un MESAJ pentru Klaus Iohannis"},"content":{"rendered":"<div class=\"description\" data-key=\"description\">Fostul premier Victor Ponta a scris pe pagina lui de Facebook un mesaj extrem dur la adresa pre\u0219edintelui Klaus Iohannis, pe care \u00eel atac\u0103 pentru politica extern\u0103 a Rom\u00e2niei. \u00a0<\/div>\n<div class=\"articleBody\" data-key=\"articleBody\">Fostul premier Victor Ponta a scris pe pagina lui de Facebook un mesaj extrem dur la adresa pre\u0219edintelui Klaus Iohannis, pe care \u00eel atac\u0103 pentru politica extern\u0103 a Rom\u00e2niei. \u00a0<\/p>\n<p>\u201dAngela Merkel se vede azi la Sochi cu Vladimir Putin ( are rost sa va amintesc cat tambalau au facut toti &#8220;deontologii&#8221; Noi Securitati cand eu am fost la Sochi sa ii sustin pe sportivii romani la Olimpiada de Iarna in 2014?!?????)!\u00a0<\/p>\n<p>Pe 16-17 May Presedintele Turciei Recep Tayyip Erdogan merge la Washington sa se vada cu Donald Trump. Noroc ca a ramas Romania sa lupte cu Rusia si cu Turcia &#8211; cu vasele noastre cu oi, cu Propaganda de pe siteurile Sistemului si cu cativa politicieni care sa lupta sa prinda un hamburger cu ketchup facut de Dl Klemm.\u00a0<\/p>\n<p>Iar Dl Iohannis e prins cu vacanta si drumetiile in munti &#8211; ca altfel dadea el de pamant si cu Merkel si cu Trump ca dau mana cu &#8220;dictatorii&#8221;????. Dincolo de hazul de necaz suntem o tara cu adevarat &#8220;mioritica&#8221;!!! Ratam fiecare sansa de a ne promova propriul interes si a fi respectati si cautati de vecini si de tarile care conteaza. Ghinion!\u201d, a scris Ponta pe Facebook.\n<\/p><\/div>\n<p> Source URL: https:\/\/observatornews.ro\/politic\/ponta-are-un-mesaj-pentru-klaus-iohannis-208355.html<\/p>\n","protected":false},"excerpt":{"rendered":"<p>Fostul premier Victor Ponta a scris pe pagina lui de Facebook un mesaj extrem dur la adresa pre\u0219edintelui Klaus Iohannis, pe care \u00eel atac\u0103 pentru politica extern\u0103 a Rom\u00e2niei. \u00a0 Fostul premier Victor Ponta a scris pe pagina lui de Facebook un mesaj extrem dur la adresa pre\u0219edintelui Klaus Iohannis, pe care \u00eel atac\u0103 pentru [&hellip;]<\/p>\n","protected":false},"author":1,"featured_media":362632,"comment_status":"open","ping_status":"","sticky":false,"template":"","format":"standard","meta":{"footnotes":""},"categories":[2],"tags":[30],"class_list":["post-362631","post","type-post","status-publish","format-standard","has-post-thumbnail","hentry","category-politics","tag-observatornews-ro"],"_links":{"self":[{"href":"https:\/\/analyse.optim.biz\/index.php?rest_route=\/wp\/v2\/posts\/362631","targetHints":{"allow":["GET"]}}],"collection":[{"href":"https:\/\/analyse.optim.biz\/index.php?rest_route=\/wp\/v2\/posts"}],"about":[{"href":"https:\/\/analyse.optim.biz\/index.php?rest_route=\/wp\/v2\/types\/post"}],"author":[{"embeddable":true,"href":"https:\/\/analyse.optim.biz\/index.php?rest_route=\/wp\/v2\/users\/1"}],"replies":[{"embeddable":true,"href":"https:\/\/analyse.optim.biz\/index.php?rest_route=%2Fwp%2Fv2%2Fcomments&post=362631"}],"version-history":[{"count":0,"href":"https:\/\/analyse.optim.biz\/index.php?rest_route=\/wp\/v2\/posts\/362631\/revisions"}],"wp:featuredmedia":[{"embeddable":true,"href":"https:\/\/analyse.optim.biz\/index.php?rest_route=\/wp\/v2\/media\/362632"}],"wp:attachment":[{"href":"https:\/\/analyse.optim.biz\/index.php?rest_route=%2Fwp%2Fv2%2Fmedia&parent=362631"}],"wp:term":[{"taxonomy":"category","embeddable":true,"href":"https:\/\/analyse.optim.biz\/index.php?rest_route=%2Fwp%2Fv2%2Fcategories&post=362631"},{"taxonomy":"post_tag","embeddable":true,"href":"https:\/\/analyse.optim.biz\/index.php?rest_route=%2Fwp%2Fv2%2Ftags&post=362631"}],"curies":[{"name":"wp","href":"https:\/\/api.w.org\/{rel}","templated":true}]}}