{"id":362629,"date":"2017-05-03T05:53:00","date_gmt":"2017-05-03T02:53:00","guid":{"rendered":"https:\/\/analyse.optim.biz\/?p=362629"},"modified":"2017-05-03T05:53:00","modified_gmt":"2017-05-03T02:53:00","slug":"legea-gratierii-dezbatuta-din-nou-de-comisia-juridica-a-senatului","status":"publish","type":"post","link":"https:\/\/analyse.optim.biz\/?p=362629","title":{"rendered":"Legea gra\u0163ierii, dezb\u0103tut\u0103 din nou de Comisia juridic\u0103 a Senatului"},"content":{"rendered":"<div class=\"description\" data-key=\"description\">Comisia juridic\u0103 a Senatului reia miercuri, dup\u0103 ora 12.00, dezbaterile pe marginea proiectului de lege al gra\u0163ierii, dup\u0103 ce s\u0103pt\u0103m\u00e2na trecut\u0103 au adoptat o serie de amendamente, printre care gra\u0163ierea pedepselor de p\u00e2n\u0103 \u00een trei ani, sc\u0103derea a trei ani din pedeapsa de p\u00e2n\u0103 \u00een zece ani, \u00eenjum\u0103t\u0103\u0163irea pedepselor femeilor \u00eens\u0103rcinate \u015fi gra\u0163ierea integral\u0103 a pedepselor persoanelor care au \u00eemplinit 70 de ani.<\/div>\n<div class=\"articleBody\" data-key=\"articleBody\">Comisia juridic\u0103 a Senatului reia miercuri, dup\u0103 ora 12.00, dezbaterile pe marginea proiectului de lege al gra\u0163ierii, dup\u0103 ce s\u0103pt\u0103m\u00e2na trecut\u0103 au adoptat o serie de amendamente, printre care gra\u0163ierea pedepselor de p\u00e2n\u0103 \u00een trei ani, sc\u0103derea a trei ani din pedeapsa de p\u00e2n\u0103 \u00een zece ani, \u00eenjum\u0103t\u0103\u0163irea pedepselor femeilor \u00eens\u0103rcinate \u015fi gra\u0163ierea integral\u0103 a pedepselor persoanelor care au \u00eemplinit 70 de ani.<\/p>\n<p>INFORMARESet\u0103rile tale privind cookie-urile nu permit afi\u0219area con\u021binutului din aceast\u0103 zon\u0103. E necesar s\u0103 accep\u021bi cookie-urile social media pentru afisarea acestui tip de con\u021binut. Modific\u0103 set\u0103rile<\/p>\n<p>Comisia juridic\u0103 a Senatului a adoptat mar\u0163ea trecut\u0103 amendamentul propus de Parchetul General, Asocia\u0163ia Magistra\u0163ilor \u015fi de \u015eerban Nicolae la proiectul Legii gra\u0163ierii conform c\u0103ruia vor urma s\u0103 fie gra\u0163iate pedepsele cu \u00eenchisoarea de p\u00e2n\u0103 la 3 ani inclusiv, modific\u00e2nd astfel propunerea Guvernului de a gra\u0163ia pedepsele de p\u00e2n\u0103 \u00een 5 ani.<\/p>\n<p>Totodat\u0103, Traian B\u0103sescu \u015fi-a modificat amendamentul prin care propunea gra\u0163ierea pedepselor de p\u00e2n\u0103 \u00een 10 ani de \u00eenchisoare, \u00eensu\u015findu-\u015fi propunerea Uniunii Barourilor, \u015fi anume reducerea perioadei la 6 ani.<\/p>\n<p>Amendamentul senatorului PMP a fost \u00eens\u0103 respins de comisia juridic\u0103 cu un vot \u201d\u00eempotriv\u0103\u201d, un vot \u201dpentru\u201d \u015fi 8 ab\u0163ineri.<\/p>\n<p>Traian B\u0103sescu a explicat c\u0103 a propus amendamentul de gra\u0163iere a pedepselor de p\u00e2n\u0103 \u00een 10 ani deoarece exist\u0103 o diferen\u0163\u0103 \u00eentre codul penal vechi \u015fi cel nou, ceea ce s-ar putea traduce \u00een discrimin\u0103ri la adresa condamna\u0163ilor, iar articolul din lege ar putea fi declarat neconstitu\u0163ional.<\/p>\n<p>Contraargumentul a venit \u00eens\u0103 din partea ministrului Justi\u0163iei, Tudorel Toader, prezent la \u015fedin\u0163a Comisiei juridice, care a spus c\u0103 se aplic\u0103 legea penal\u0103 mai favorabil\u0103.<\/p>\n<p>De asemenea, senatorii juri\u015fti au adoptat \u015fi un amendament propus de social-democratul \u015eerban Nicolae potrivit c\u0103ruia se scad trei ani din orice pedeaps\u0103 cu \u00eenchisoarea de p\u00e2n\u0103 \u00een zece ani. Potrivit senatorului PSD, de aceast\u0103 prevedere ar urma s\u0103 beneficieze aproximativ 800 de de\u0163inu\u0163i.<\/p>\n<p>Un alt amendament adoptat la proiectul de lege al gra\u0163ierii a fost cel potrivit c\u0103ruia femeilor \u00eens\u0103rcinate \u015fi \u00eentre\u0163in\u0103torilor de copii de p\u00e2n\u0103 \u00een 14 ani li se \u00eenjum\u0103t\u0103\u0163e\u015fte pedepsa cu \u00eenchisoarea, senatorii juri\u015fti resping\u00e2nd amendamentul lui Traian B\u0103sescu de gra\u0163iere \u015fi a femeilor condamnate pentru corup\u0163ie.<\/p>\n<p>Senatorul PMP Traian B\u0103sescu a insistat ca de aceast\u0103 prevedere s\u0103 beneficieze \u015fi femeile condamnate pentru corup\u0163ie.<\/p>\n<p>Amendamentul s\u0103u a fost \u00eens\u0103 respins cu 9 ab\u0163ineri \u015fi doar un vot \u201dpentru\u201d.<\/p>\n<p>De asemenea, \u00een Comisia juridic\u0103 a Senatului au fost adoptate alte dou\u0103 amendamente prin care se prevede c\u0103 pedepsele persoanelor cu v\u00e2rsta peste 70 de ani se gra\u0163iaz\u0103 \u00een \u00eentregime, iar ale celor de peste 60 de ani se \u00eenjum\u0103t\u0103\u0163esc.<\/p>\n<p>Cel\u0103lalt amendament vizeaz\u0103 persoanele care au \u00eemplinit 70 de ani. \u201dSe gra\u0163iaz\u0103 \u00een \u00eentregime pedepsele persoanelor cu v\u00e2rsta peste 70 de ani\u201d, se arat\u0103 \u00een amendamentul adoptat de senatorii juri\u015fti.<\/p>\n<p>Nu \u00een ultimul r\u00e2nd, Comisia juridic\u0103 a Senatului a dublat la doi ani termenul pentru achitarea desp\u0103gubirilor \u00een vederea gra\u0163ierii, neachitarea cu &#8220;rea credin\u0163\u0103&#8221; duc\u00e2nd la revocarea clemen\u0163ei.<\/p>\n<p>Amendamentul lui Traian B\u0103sescu, care dorea un termen de 3 ani, a fost respins.<\/p>\n<p>Senatorul PMP Traian B\u0103sescu a avut o serie de interven\u0163ii \u00een cadrul dezbaterilor din Comisia juridic\u0103 a Senatului prin care a cerut gra\u0163ierea femeilor condamnate pentru corup\u0163ie \u015fi a spus c\u0103 Rom\u00e2nia are un Cod penal prost \u015fi c\u0103 regret\u0103 promulgarea sa, pentru care se simte vinovat.<\/p>\n<p>Fostul pre\u015fedinte al Rom\u00e2niei a \u00eencercat s\u0103-i conving\u0103 pe senatorii juri\u015fti, \u00een cadrul dezbaterilor pe marginea proiectului de lege al gra\u0163ierii, s\u0103 trateze femeile care au s\u0103v\u00e2r\u015fit infrac\u0163iuni mai bl\u00e2nd dec\u00e2t pe b\u0103rba\u0163i, recomand\u00e2ndu-le \u201ds\u0103 le bage mai pu\u0163in \u00een puc\u0103rie\u201d.<\/p>\n<p>El le-a repro\u015fat procurorilor comportamentul fa\u0163\u0103 de femeile care au s\u0103v\u00e2r\u015fit infrac\u0163iuni.<\/p>\n<p>Surs\u0103: news.ro\n<\/p><\/div>\n<p> Source URL: https:\/\/observatornews.ro\/politic\/legea-gratierii-dezbatuta-din-nou-de-comisia-juridica-a-senatului-208452.html<\/p>\n","protected":false},"excerpt":{"rendered":"<p>Comisia juridic\u0103 a Senatului reia miercuri, dup\u0103 ora 12.00, dezbaterile pe marginea proiectului de lege al gra\u0163ierii, dup\u0103 ce s\u0103pt\u0103m\u00e2na trecut\u0103 au adoptat o serie de amendamente, printre care gra\u0163ierea pedepselor de p\u00e2n\u0103 \u00een trei ani, sc\u0103derea a trei ani din pedeapsa de p\u00e2n\u0103 \u00een zece ani, \u00eenjum\u0103t\u0103\u0163irea pedepselor femeilor \u00eens\u0103rcinate \u015fi gra\u0163ierea integral\u0103 a [&hellip;]<\/p>\n","protected":false},"author":1,"featured_media":362630,"comment_status":"open","ping_status":"","sticky":false,"template":"","format":"standard","meta":{"footnotes":""},"categories":[2],"tags":[30],"class_list":["post-362629","post","type-post","status-publish","format-standard","has-post-thumbnail","hentry","category-politics","tag-observatornews-ro"],"_links":{"self":[{"href":"https:\/\/analyse.optim.biz\/index.php?rest_route=\/wp\/v2\/posts\/362629","targetHints":{"allow":["GET"]}}],"collection":[{"href":"https:\/\/analyse.optim.biz\/index.php?rest_route=\/wp\/v2\/posts"}],"about":[{"href":"https:\/\/analyse.optim.biz\/index.php?rest_route=\/wp\/v2\/types\/post"}],"author":[{"embeddable":true,"href":"https:\/\/analyse.optim.biz\/index.php?rest_route=\/wp\/v2\/users\/1"}],"replies":[{"embeddable":true,"href":"https:\/\/analyse.optim.biz\/index.php?rest_route=%2Fwp%2Fv2%2Fcomments&post=362629"}],"version-history":[{"count":0,"href":"https:\/\/analyse.optim.biz\/index.php?rest_route=\/wp\/v2\/posts\/362629\/revisions"}],"wp:featuredmedia":[{"embeddable":true,"href":"https:\/\/analyse.optim.biz\/index.php?rest_route=\/wp\/v2\/media\/362630"}],"wp:attachment":[{"href":"https:\/\/analyse.optim.biz\/index.php?rest_route=%2Fwp%2Fv2%2Fmedia&parent=362629"}],"wp:term":[{"taxonomy":"category","embeddable":true,"href":"https:\/\/analyse.optim.biz\/index.php?rest_route=%2Fwp%2Fv2%2Fcategories&post=362629"},{"taxonomy":"post_tag","embeddable":true,"href":"https:\/\/analyse.optim.biz\/index.php?rest_route=%2Fwp%2Fv2%2Ftags&post=362629"}],"curies":[{"name":"wp","href":"https:\/\/api.w.org\/{rel}","templated":true}]}}