{"id":362517,"date":"2017-05-04T13:20:00","date_gmt":"2017-05-04T10:20:00","guid":{"rendered":"https:\/\/analyse.optim.biz\/?p=362517"},"modified":"2017-05-04T13:20:00","modified_gmt":"2017-05-04T10:20:00","slug":"daniel-constantin-a-fost-exclus-din-alde-reactia-surprinzatoare-a-lui-liviu-dragnea","status":"publish","type":"post","link":"https:\/\/analyse.optim.biz\/?p=362517","title":{"rendered":"Daniel Constantin a fost exclus din ALDE. Reac\u0163ia surprinz\u0103toare a lui Liviu Dragnea"},"content":{"rendered":"<div class=\"description\" data-key=\"description\">Vicepre\u015fedintele ALDE Andrei Gerea a anun\u0163at, joi, dup\u0103 \u015fedin\u0163a Delega\u0163iei Permanente, c\u0103 Daniel Constantin, Mircea Banias \u015fi Eugen Durbac\u0103 au fost exclu\u015fi din partid, de\u015fi cu doi dintre ei s-a \u00eencercat o mediere timp de o s\u0103pt\u0103m\u00e2n\u0103, \u00eens\u0103 f\u0103r\u0103 vreun rezultat \u015fi a precizat c\u0103 votul a fost unul cov\u00e2r\u015fitor pentru excluderea celor trei.<\/div>\n<div class=\"articleBody\" data-key=\"articleBody\">Vicepre\u015fedintele ALDE Andrei Gerea a anun\u0163at, joi, dup\u0103 \u015fedin\u0163a Delega\u0163iei Permanente, c\u0103 Daniel Constantin, Mircea Banias \u015fi Eugen Durbac\u0103 au fost exclu\u015fi din partid, de\u015fi cu doi dintre ei s-a \u00eencercat o mediere timp de o s\u0103pt\u0103m\u00e2n\u0103, \u00eens\u0103 f\u0103r\u0103 vreun rezultat \u015fi a precizat c\u0103 votul a fost unul cov\u00e2r\u015fitor pentru excluderea celor trei.<\/p>\n<p>\u201dS-au votat trei excluderi din partid, \u00een persoana domnului Daniel Constantin, domnului Mircea Banias \u015fi domnului Eugen Durbac\u0103. Nu au fost f\u0103cute \u015fi alte propuneri de excluderi. Aceste nume le \u015fti\u0163i deja de o s\u0103pt\u0103m\u00e2n\u0103. A fost o s\u0103pt\u0103m\u00e2n\u0103 \u00een care s-a \u00eencercat o mediere cu doi dintre cei afla\u0163i aici pe list\u0103, care au depus anumite ac\u0163iuni \u00eempotriva partidului \u00een justi\u0163ie, dar din p\u0103cate nu s-a putut ajunge la niciun rezultat \u015fi atunci am fost nevoi\u0163i s\u0103 lu\u0103m aceast\u0103 decizie ast\u0103zi\u201d, a declarat vicepre\u015fedintele ALDE Andrei Gerea.<\/p>\n<p>\u201dUn vor cov\u00e2r\u015fitor, din 96 de prezen\u0163i au fost 92 de voturi pentru Daniel Constantin \u015fi c\u00e2te 91 pentru ceilal\u0163i\u201d, a ad\u0103ugat Gerea.<\/p>\n<p>Trei foruri de conducere ale ALDE &#8211; Biroul Politic Executiv, Biroul Politic Central \u015fi Delega\u0163ia Permanent\u0103 &#8211; s-au reunit joi \u00een \u015fedin\u0163e succesive pentru a decide excluderea fostului co-pre\u015fedinte al forma\u0163iunii Daniel Constantin.<\/p>\n<p>Biroul Politic Executiv al ALDE a decis joia trecut\u0103 s\u0103 propun\u0103 Delega\u0163iei Permanente excluderea din partid a lui Daniel Constantin, C\u0103lin Popescu T\u0103riceanu avertiz\u00e2ndu-i pe cei care au semnat contesta\u0163iile \u00een instan\u0163\u0103 s\u0103 \u015fi le retrag\u0103, altfel vor fi \u015fi ei exclu\u015fi.<\/p>\n<p>\u00centrebat dac\u0103 excluderea lui Daniel Constantin din ALDE va afecta majoritatea parlamentar\u0103, pre\u015fedintele Camerei Deputa\u0163ilor a r\u0103spuns negativ, preciz\u00e2nd \u00eens\u0103 c\u0103 regret\u0103 c\u0103 s-a ajuns la aceast\u0103 situa\u0163ie.<\/p>\n<p>\u201eMajoritatea parlamentar\u0103 nu va fi afectat\u0103, dar, personal, eu regret c\u0103 s-a ajuns \u00een situa\u0163ia asta. Sincer, regret. \u00cemi pare r\u0103u c\u0103 domnul T\u0103riceanu \u015fi domnul Daniel Constantin nu au reu\u015fit s\u0103 g\u0103seasc\u0103 \u00een aceste luni, dup\u0103 ce am c\u00e2\u015ftigat alegerile \u015fi am format coali\u0163ia, o punte care s\u0103 \u00eei uneasc\u0103. Am lucrat \u00eempreun\u0103 ani de zile, am muncit \u00eempreun\u0103 ani de zile, pentru mine \u015fi cred c\u0103 pentru mul\u0163i colegi de-ai mei nu e \u00een regul\u0103 c\u0103 Daniel Constantin nu mai este \u00een conducerea ALDE, nu mai este \u00een Guvern\u201d, a r\u0103spuns liderul PSD.<\/p>\n<p>\u00cen \u00eencheiere, pre\u015fedintele Camerei Deputa\u0163ilor \u015fi-a exprimat regretul c\u0103 \u201eechipa nu mai este complet\u0103\u201d.<\/p>\n<p>\u201eDar a fost decizia colegilor de la ALDE, nu \u015ftiu ce decizie vor lua ast\u0103zi, dar eu, personal, regret pentru c\u0103 acea echip\u0103 nu mai este complet\u0103\u201d, a conchis Liviu Dragnea.\u00a0\n<\/p><\/div>\n<p> Source URL: https:\/\/observatornews.ro\/politic\/daniel-constantin-a-fost-exclus-din-alde-reactia-surprinzatoare-a-lui-liviu-dragnea-208644.html<\/p>\n","protected":false},"excerpt":{"rendered":"<p>Vicepre\u015fedintele ALDE Andrei Gerea a anun\u0163at, joi, dup\u0103 \u015fedin\u0163a Delega\u0163iei Permanente, c\u0103 Daniel Constantin, Mircea Banias \u015fi Eugen Durbac\u0103 au fost exclu\u015fi din partid, de\u015fi cu doi dintre ei s-a \u00eencercat o mediere timp de o s\u0103pt\u0103m\u00e2n\u0103, \u00eens\u0103 f\u0103r\u0103 vreun rezultat \u015fi a precizat c\u0103 votul a fost unul cov\u00e2r\u015fitor pentru excluderea celor trei. Vicepre\u015fedintele [&hellip;]<\/p>\n","protected":false},"author":1,"featured_media":0,"comment_status":"open","ping_status":"","sticky":false,"template":"","format":"standard","meta":{"footnotes":""},"categories":[2],"tags":[30],"class_list":["post-362517","post","type-post","status-publish","format-standard","hentry","category-politics","tag-observatornews-ro"],"_links":{"self":[{"href":"https:\/\/analyse.optim.biz\/index.php?rest_route=\/wp\/v2\/posts\/362517","targetHints":{"allow":["GET"]}}],"collection":[{"href":"https:\/\/analyse.optim.biz\/index.php?rest_route=\/wp\/v2\/posts"}],"about":[{"href":"https:\/\/analyse.optim.biz\/index.php?rest_route=\/wp\/v2\/types\/post"}],"author":[{"embeddable":true,"href":"https:\/\/analyse.optim.biz\/index.php?rest_route=\/wp\/v2\/users\/1"}],"replies":[{"embeddable":true,"href":"https:\/\/analyse.optim.biz\/index.php?rest_route=%2Fwp%2Fv2%2Fcomments&post=362517"}],"version-history":[{"count":0,"href":"https:\/\/analyse.optim.biz\/index.php?rest_route=\/wp\/v2\/posts\/362517\/revisions"}],"wp:attachment":[{"href":"https:\/\/analyse.optim.biz\/index.php?rest_route=%2Fwp%2Fv2%2Fmedia&parent=362517"}],"wp:term":[{"taxonomy":"category","embeddable":true,"href":"https:\/\/analyse.optim.biz\/index.php?rest_route=%2Fwp%2Fv2%2Fcategories&post=362517"},{"taxonomy":"post_tag","embeddable":true,"href":"https:\/\/analyse.optim.biz\/index.php?rest_route=%2Fwp%2Fv2%2Ftags&post=362517"}],"curies":[{"name":"wp","href":"https:\/\/api.w.org\/{rel}","templated":true}]}}