{"id":362515,"date":"2017-05-05T04:12:00","date_gmt":"2017-05-05T01:12:00","guid":{"rendered":"https:\/\/analyse.optim.biz\/?p=362515"},"modified":"2017-05-05T04:12:00","modified_gmt":"2017-05-05T01:12:00","slug":"radu-mazare-asteapta-decizia-curtea-de-apel-bucuresti-da-verdictul-in-dosarul-legat-de-retrocedarea-plajelor","status":"publish","type":"post","link":"https:\/\/analyse.optim.biz\/?p=362515","title":{"rendered":"Radu Maz\u0103re a\u015fteapt\u0103 decizia! Curtea de Apel Bucure\u015fti d\u0103 verdictul \u00een dosarul legat de retrocedarea plajelor"},"content":{"rendered":"<div class=\"description\" data-key=\"description\">Judec\u0103toarea Corina D\u0103escu Gherghi\u015fan de la Curtea de Apel Bucure\u015fti este a\u015fteptat\u0103 s\u0103 pronun\u0163e, vineri, un verdict \u00een dosarul \u00een care fostul primar al municipiului Constan\u0163a, Radu Maz\u0103re, este judecat al\u0103turi de al\u0163i 36 de inculpa\u0163i \u00een dosarul retroced\u0103rii plajelor din localitate, caz \u00een care prejudiciul este estimat la 114 milioane de euro.<\/div>\n<div class=\"articleBody\" data-key=\"articleBody\">Judec\u0103toarea Corina D\u0103escu Gherghi\u015fan de la Curtea de Apel Bucure\u015fti este a\u015fteptat\u0103 s\u0103 pronun\u0163e, vineri, un verdict \u00een dosarul \u00een care fostul primar al municipiului Constan\u0163a, Radu Maz\u0103re, este judecat al\u0103turi de al\u0163i 36 de inculpa\u0163i \u00een dosarul retroced\u0103rii plajelor din localitate, caz \u00een care prejudiciul este estimat la 114 milioane de euro.<\/p>\n<p>Pe 7 aprilie, la ultimul termen al procesului, Radu Maz\u0103re a spus c\u0103 sper\u0103 ca &#8220;expunerea media&#8221; \u015fi &#8220;\u00eenc\u0103rc\u0103tura public\u0103 a procesului maraton&#8221; s\u0103 nu afecteze solu\u0163ia dat\u0103 de c\u0103tre magistra\u0163i. Atunci, instan\u0163a a r\u0103mas \u00een pronun\u0163are \u00een acest proces care dureaz\u0103 de aproape nou\u0103 ani.<\/p>\n<p>&#8220;Dup\u0103 un proces dificil, maraton, cu expunere media \u015fi \u00eenc\u0103rc\u0103tur\u0103 public\u0103, m\u0103 fug\u0103resc ziari\u015ftii la fiecare termen, \u00eemi pare teribil de r\u0103u nu pentru mine, ci pentru 36 de oameni nevinova\u0163i. Cred cu t\u0103rie \u015fi sper c\u0103 aceast\u0103 \u00eenc\u0103rc\u0103tur\u0103 public\u0103 nu va afecta solu\u0163ia. De zece ani eu \u015fi to\u0163i ace\u015fti oameni suntem acuza\u0163i c\u0103 am furat 115 milioane de euro. Sigur, am \u00eencercat s\u0103 explic public, de doi ani nu mai fac acest lucru. \u00cen expertiza judiciar\u0103 depus\u0103 s\u0103 rezulte c\u0103 evalu\u0103rile lui Dima au fost mai mari&#8230; e un mare semn de \u00eentrebare. Dumneavoastr\u0103 a\u0163i binevoit \u015fi a\u0163i apelat la un expert, pentru c\u0103 ave\u0163i alt\u0103 meserie. La fel \u015fi eu. Ca s\u0103 nu fim acuza\u0163i, am apelat atunci la evaluator \u015fi noi. Au fost atunci \u015fase, \u015fapte evaluatori, numai domnul Dima a fost acuzat c\u0103 a subevaluat\u201d, a spus Maz\u0103re la ultimul termen al procesului de la Curtea de Apel Bucure\u015fti.<\/p>\n<p>Fostul primar Radu Maz\u0103re a mai declarat c\u0103 tot timpul s-a bazat pe speciali\u015fti \u015fi c\u0103, dup\u0103 ce a fost acuzat, a \u00eenceput s\u0103 \u00eenve\u0163e \u015fi el. &#8220;Nu am \u00eens\u0103 preten\u0163ia c\u0103 sunt specialist. (&#8230;). Rechizitoriul abund\u0103 \u00een acuza\u0163ii cu caracter editorial. \u00cenc\u0103 nu \u00een\u0163eleg, dup\u0103 12 ani de zile, acuza\u0163iile. Nu am cunoscut notificatorii \u015fi cump\u0103r\u0103torii, cu mici excep\u0163ii: doamna Barbu \u015fi Pu\u015fca\u015f. (&#8230;) Doamna pre\u015fedint\u0103, m\u0103 consider nevinovat \u015fi solicit \u015fi va rog s\u0103 ne achita\u0163i&#8221;, a \u00eencheiat Maz\u0103re.<\/p>\n<p>Ap\u0103r\u0103torii fostului primar ceruser\u0103, \u00een 3 aprilie, la Curtea de Apel Bucure\u015fti, achitarea acestuia \u00een dosarul plajelor retrocedate, pe motiv c\u0103 retroced\u0103rile s-au f\u0103cut \u00een baza votului dat de c\u0103tre reprezentan\u0163ii Consiliului Local, iar Prefectura nu a avut obiec\u0163ii \u00een urm\u0103 votului.<\/p>\n<p>Cu cinci zile \u00eenainte, procurorii DNA ceruser\u0103 Cur\u0163ii de Apel Bucure\u015fti s\u0103 dea pedepse maxime pentru Radu Maz\u0103re, Nicu\u015for Constantinescu \u015fi Cristian Borcea \u00een dosarul retroced\u0103rilor frauduloase de plaje din jude\u0163ul Constan\u0163a, \u00een timp ce pentru al\u0163i inculpa\u0163i au solicitat s\u0103 se constate \u00eencetarea procesului penal pe motiv c\u0103 faptele s-au prescris, \u00een condi\u0163iile \u00een care acest caz se judec\u0103 de aproape nou\u0103 ani.<\/p>\n<p>Primarul Radu Maz\u0103re a fost trimis \u00een judecat\u0103 de DNA \u00een 28 octombrie 2008, al\u0103turi de 36 de persoane, \u00eentre care fo\u015fti \u015fi actuali func\u0163ionari din Prim\u0103ria Constan\u0163a \u015fi Oficiul de Cadastru, mandatari \u015fi notari publici, \u00een dosarul privind atribuirea nelegal\u0103 a unor \u00eentinse suprafe\u0163e de teren intravilan din municipiul Constan\u0163a, Mamaia, plaj\u0103 \u015fi falez\u0103.\u00a0Prejudiciul \u00een aceast\u0103 cauz\u0103 a fost estimat de DNA la aproximativ 114 milioane de euro, din care 77,77 milioane de euro reprezint\u0103 prejudiciu \u00een dauna statului \u015fi 36,16 milioane de euro prejudiciu \u00een dauna municipiului Constan\u0163a.<\/p>\n<p>Sursa: News.ro\n<\/p><\/div>\n<p> Source URL: https:\/\/observatornews.ro\/politic\/radu-mazare-asteapta-decizia-curtea-de-apel-bucuresti-da-verdictul-in-dosarul-legat-de-retrocedarea-plajelor-208695.html<\/p>\n","protected":false},"excerpt":{"rendered":"<p>Judec\u0103toarea Corina D\u0103escu Gherghi\u015fan de la Curtea de Apel Bucure\u015fti este a\u015fteptat\u0103 s\u0103 pronun\u0163e, vineri, un verdict \u00een dosarul \u00een care fostul primar al municipiului Constan\u0163a, Radu Maz\u0103re, este judecat al\u0103turi de al\u0163i 36 de inculpa\u0163i \u00een dosarul retroced\u0103rii plajelor din localitate, caz \u00een care prejudiciul este estimat la 114 milioane de euro. Judec\u0103toarea Corina [&hellip;]<\/p>\n","protected":false},"author":1,"featured_media":362516,"comment_status":"open","ping_status":"","sticky":false,"template":"","format":"standard","meta":{"footnotes":""},"categories":[2],"tags":[30],"class_list":["post-362515","post","type-post","status-publish","format-standard","has-post-thumbnail","hentry","category-politics","tag-observatornews-ro"],"_links":{"self":[{"href":"https:\/\/analyse.optim.biz\/index.php?rest_route=\/wp\/v2\/posts\/362515","targetHints":{"allow":["GET"]}}],"collection":[{"href":"https:\/\/analyse.optim.biz\/index.php?rest_route=\/wp\/v2\/posts"}],"about":[{"href":"https:\/\/analyse.optim.biz\/index.php?rest_route=\/wp\/v2\/types\/post"}],"author":[{"embeddable":true,"href":"https:\/\/analyse.optim.biz\/index.php?rest_route=\/wp\/v2\/users\/1"}],"replies":[{"embeddable":true,"href":"https:\/\/analyse.optim.biz\/index.php?rest_route=%2Fwp%2Fv2%2Fcomments&post=362515"}],"version-history":[{"count":0,"href":"https:\/\/analyse.optim.biz\/index.php?rest_route=\/wp\/v2\/posts\/362515\/revisions"}],"wp:featuredmedia":[{"embeddable":true,"href":"https:\/\/analyse.optim.biz\/index.php?rest_route=\/wp\/v2\/media\/362516"}],"wp:attachment":[{"href":"https:\/\/analyse.optim.biz\/index.php?rest_route=%2Fwp%2Fv2%2Fmedia&parent=362515"}],"wp:term":[{"taxonomy":"category","embeddable":true,"href":"https:\/\/analyse.optim.biz\/index.php?rest_route=%2Fwp%2Fv2%2Fcategories&post=362515"},{"taxonomy":"post_tag","embeddable":true,"href":"https:\/\/analyse.optim.biz\/index.php?rest_route=%2Fwp%2Fv2%2Ftags&post=362515"}],"curies":[{"name":"wp","href":"https:\/\/api.w.org\/{rel}","templated":true}]}}