{"id":362486,"date":"2017-05-05T06:24:00","date_gmt":"2017-05-05T03:24:00","guid":{"rendered":"https:\/\/analyse.optim.biz\/?p=362486"},"modified":"2017-05-05T06:24:00","modified_gmt":"2017-05-05T03:24:00","slug":"anunt-de-ultima-ora-guvernul-ia-in-calcul-prelungirea-inghetarii-tarifelor-rca","status":"publish","type":"post","link":"https:\/\/analyse.optim.biz\/?p=362486","title":{"rendered":"Anun\u0163 de ultim\u0103 or\u0103! Guvernul ia \u00een calcul prelungirea \u00eenghe\u0163\u0103rii tarifelor RCA"},"content":{"rendered":"<div class=\"description\" data-key=\"description\">Executivul ia \u00een calcul prelungirea plafon\u0103rii tarifelor RCA cu \u00eenc\u0103 trei luni, au declarat, pentru News.ro, surse guvernamentale. Plafonarea asigur\u0103rilor de r\u0103spundere civil\u0103 auto ar putea fi discutat\u0103 chiar \u00een \u015fedin\u0163a de guvern din aceast\u0103 dup\u0103-amiaz\u0103.<\/div>\n<div class=\"articleBody\" data-key=\"articleBody\">Executivul ia \u00een calcul prelungirea plafon\u0103rii tarifelor RCA cu \u00eenc\u0103 trei luni, au declarat, pentru News.ro, surse guvernamentale. Plafonarea asigur\u0103rilor de r\u0103spundere civil\u0103 auto ar putea fi discutat\u0103 chiar \u00een \u015fedin\u0163a de guvern din aceast\u0103 dup\u0103-amiaz\u0103.<\/p>\n<p>Surse guvernamentale au afirmat, pentru News.ro, c\u0103 ministrul Finan\u0163elor, Viorel \u015etefan, a avut mai multe \u00eent\u00e2lniri cu transportatorii \u015fi cu reprezentan\u0163ii Autorit\u0103\u0163ii de Supraveghere Financiar\u0103 (ASF) \u015fi c\u0103 ia \u00een calcul s\u0103 prelungeasc\u0103 plafonarea tarifelor RCA cu \u00eenc\u0103 trei luni printr-o Hot\u0103r\u00e2re de guvern, acest lucru put\u00e2nd fi discutat chiar \u00een \u015fedin\u0163a Executivului de vineri.<\/p>\n<p>Unul dintre principalele motive ale prelungirii m\u0103surii de \u00eenghe\u0163are a tarifelor RCA pentru \u00eenc\u0103 trei luni este \u00eent\u00e2rzierea, \u00een Parlament, a noii legi a RCA, care ar trebui s\u0103 con\u0163in\u0103 noile prevederi negociate \u015fi agreate \u00eentre toate p\u0103r\u0163ile implicate \u0103n sector.<\/p>\n<p>Guvernul a aprobat anul trecut, la presiunile patronatelor din transportul rutier, o Ordonan\u0163\u0103 de Urgen\u0163\u0103 (OUG) care impune \u00eenghe\u0163area pre\u0163urilor RCA pentru \u015fase luni, prin fixarea unor pre\u0163uri maxime de c\u0103tre ASF. Perioada de plafonare a \u00eenceput \u00een 18 noiembrie 2016 \u015fi va expira \u00een 18 mai.<\/p>\n<p>\u00cenghe\u0163area poli\u0163elor RCA a fost salutat\u0103 de transportatori, dar criticat\u0103 de companiile de asigur\u0103ri active pe segmentul RCA, care se pl\u00e2ng c\u0103 \u00eenregistreaz\u0103 pierderi \u015fi cer revenirea la tarife libere.\u00a0<\/p>\n<p>Volumul total al primelor brute subscrise pe segmentul RCA a crescut anul trecut cu 29%, la 4,03 miliarde lei (897 milioane euro), ca urmare a cre\u015fterii primei medii.<\/p>\n<p>Sursa: News.ro\n<\/p><\/div>\n<p> Source URL: https:\/\/observatornews.ro\/politic\/anunt-de-ultima-ora-guvernul-ia-in-calcul-prelungirea-inghetarii-tarifelor-rca-208714.html<\/p>\n","protected":false},"excerpt":{"rendered":"<p>Executivul ia \u00een calcul prelungirea plafon\u0103rii tarifelor RCA cu \u00eenc\u0103 trei luni, au declarat, pentru News.ro, surse guvernamentale. Plafonarea asigur\u0103rilor de r\u0103spundere civil\u0103 auto ar putea fi discutat\u0103 chiar \u00een \u015fedin\u0163a de guvern din aceast\u0103 dup\u0103-amiaz\u0103. Executivul ia \u00een calcul prelungirea plafon\u0103rii tarifelor RCA cu \u00eenc\u0103 trei luni, au declarat, pentru News.ro, surse guvernamentale. Plafonarea [&hellip;]<\/p>\n","protected":false},"author":1,"featured_media":0,"comment_status":"open","ping_status":"","sticky":false,"template":"","format":"standard","meta":{"footnotes":""},"categories":[2],"tags":[30],"class_list":["post-362486","post","type-post","status-publish","format-standard","hentry","category-politics","tag-observatornews-ro"],"_links":{"self":[{"href":"https:\/\/analyse.optim.biz\/index.php?rest_route=\/wp\/v2\/posts\/362486","targetHints":{"allow":["GET"]}}],"collection":[{"href":"https:\/\/analyse.optim.biz\/index.php?rest_route=\/wp\/v2\/posts"}],"about":[{"href":"https:\/\/analyse.optim.biz\/index.php?rest_route=\/wp\/v2\/types\/post"}],"author":[{"embeddable":true,"href":"https:\/\/analyse.optim.biz\/index.php?rest_route=\/wp\/v2\/users\/1"}],"replies":[{"embeddable":true,"href":"https:\/\/analyse.optim.biz\/index.php?rest_route=%2Fwp%2Fv2%2Fcomments&post=362486"}],"version-history":[{"count":0,"href":"https:\/\/analyse.optim.biz\/index.php?rest_route=\/wp\/v2\/posts\/362486\/revisions"}],"wp:attachment":[{"href":"https:\/\/analyse.optim.biz\/index.php?rest_route=%2Fwp%2Fv2%2Fmedia&parent=362486"}],"wp:term":[{"taxonomy":"category","embeddable":true,"href":"https:\/\/analyse.optim.biz\/index.php?rest_route=%2Fwp%2Fv2%2Fcategories&post=362486"},{"taxonomy":"post_tag","embeddable":true,"href":"https:\/\/analyse.optim.biz\/index.php?rest_route=%2Fwp%2Fv2%2Ftags&post=362486"}],"curies":[{"name":"wp","href":"https:\/\/api.w.org\/{rel}","templated":true}]}}