{"id":362482,"date":"2017-05-07T15:45:00","date_gmt":"2017-05-07T12:45:00","guid":{"rendered":"https:\/\/analyse.optim.biz\/?p=362482"},"modified":"2017-05-07T15:45:00","modified_gmt":"2017-05-07T12:45:00","slug":"candidatul-la-sefia-pnl-cristian-busoi-vrea-sa-recastige-o-parte-din-electoratul-lui-iohannis","status":"publish","type":"post","link":"https:\/\/analyse.optim.biz\/?p=362482","title":{"rendered":"Candidatul la \u015fefia PNL, Cristian Bu\u015foi, vrea s\u0103 rec\u00e2\u015ftige o parte din electoratul lui Iohannis"},"content":{"rendered":"<div class=\"description\" data-key=\"description\">Cristian Bu\u015foi, candidat pentru func\u0163ia de pre\u015fedinte al PNL la Congresul din 17 iunie, spune c\u0103 programul s\u0103u politic are \u00een vedere rec\u00e2\u015ftigarea de c\u0103tre liberali a unei p\u0103r\u0163i din electoratul care l-a sprijinit pe pre\u015fedintele Klaus Iohannis.<\/div>\n<div class=\"articleBody\" data-key=\"articleBody\">Cristian Bu\u015foi, candidat pentru func\u0163ia de pre\u015fedinte al PNL la Congresul din 17 iunie, spune c\u0103 programul s\u0103u politic are \u00een vedere rec\u00e2\u015ftigarea de c\u0103tre liberali a unei p\u0103r\u0163i din electoratul care l-a sprijinit pe pre\u015fedintele Klaus Iohannis.<\/p>\n<p>&#8220;Cunosc foarte bine PNL. Sunt \u00een partid de la v\u00e2rsta de 18 ani. Am pornit de la organiza\u0163ia de tineret \u015fi am ajuns \u00een a doua pozi\u0163ie \u00een PNL, cea de secretar general interimar, reprezent\u00e2nd PNL cu eficien\u0163\u0103, cu rezultate, cu foarte mult bun sim\u0163 \u015fi cu foarte mult\u0103 munc\u0103 \u00een Parlamentul Rom\u00e2niei, \u00een Parlamentul European \u015fi \u00een acel mandat scurt de pre\u015fedinte al CNAS. Vin cu un program care vrea s\u0103 rec\u00e2\u015ftige c\u0103tre PNL o parte din electoratul care l-a sprijinit pe Klaus Iohannis, de exemplu, care a ie\u015fit \u00een strad\u0103 \u00eempotriva PSD, dar care nu a mai venit al\u0103turi de PNL la sf\u00e2r\u015fitul anului trecut, la alegerile parlamentare&#8221;, a declarat Bu\u015foi.<\/p>\n<p>El a spus c\u0103 are \u00een aten\u0163ie electoratul t\u00e2n\u0103r \u015fi cel din mediul urban, care are a\u015ftept\u0103ri \u015fi exigen\u0163e mult mai mari fa\u0163\u0103 de clasa politic\u0103 \u015fi fa\u0163\u0103 de PNL.<\/p>\n<p>&#8220;Cred c\u0103 se poate uita cu interes c\u0103tre un partid condus de o persoan\u0103 t\u00e2n\u0103r\u0103, serioas\u0103, care vine cu proiecte, care vine cu anumit\u0103 consisten\u0163\u0103, care munce\u015fte \u015fi care are ca strategie s\u0103 fac\u0103 acestui partid imaginea unui partid consistent, serios, cu un profil foarte serios de partid de centru dreapta&#8221;, a punctat Bu\u015foi.<\/p>\n<p>\u00cen opinia sa, liderul PNL trebuie s\u0103 fie o persoan\u0103 capabil\u0103 s\u0103 coaguleze \u00een jurul s\u0103u colegi care au demonstrat eficien\u0163\u0103 \u00een activitatea politic\u0103, primari de mari municipii, pre\u015fedin\u0163i de CJ, parlamentari foarte eficien\u0163i, pre\u015fedin\u0163i de filiale cu foarte bune rezultate. &#8220;\u00cempreun\u0103 s\u0103 ia decizii pragmatice, eficiente \u015fi s\u0103 duc\u0103 PNL spre victorie&#8221;.<\/p>\n<p>Pre\u015fedintele PNL Br\u0103ila, Alexandru D\u0103n\u0103il\u0103, a declarat, c\u0103 o decizie privind sus\u0163inerea unui candidat la \u015fefia liberalilor se va lua \u00eentr-o \u015fedin\u0163\u0103 statutar\u0103 \u015fi c\u0103 \u00een luarea hot\u0103r\u00e2rii vor fi respectate &#8220;anumite principii&#8221;.<\/p>\n<p>&#8220;Filiala Br\u0103ila \u00ee\u015fi va stabili sus\u0163inerea pentru candidatul la func\u0163ia de pre\u015fedinte \u00eentr-o \u015fedin\u0163\u0103 statutar\u0103, a\u015fa cum suntem obliga\u0163i s\u0103 facem. Eu \u00eemi doresc ca organiza\u0163ia s\u0103 sus\u0163in\u0103 un candidat care s\u0103 poat\u0103 implementa \u015fi transmite o politic\u0103 coerent\u0103 la nivelul partidului, de sus \u015fi p\u00e2n\u0103 jos. Lucru acesta ne-a lipsit \u015fi efectele s-au sim\u0163it la noi, \u00een Br\u0103ila, \u00eentr-un mod nefast. \u00cemi doresc ca viitorul pre\u015fedinte al PNL s\u0103 poat\u0103 transmite chestiuni care se vor \u015fi realiza \u015fi s\u0103-\u015fi asume, \u00een limita posibilit\u0103\u0163ilor, lucrurile pe care \u015fi le propune. Ne intereseaz\u0103 ca \u00een viitoarea echip\u0103, pe c\u00e2t este posibil, Br\u0103ila s\u0103 fie reprezentat\u0103 (&#8230;) astfel \u00eenc\u00e2t s\u0103 nu mai existe disfunc\u0163ionalit\u0103\u0163i \u00een ceea ce prive\u015fte transmiterea mesajelor de la Bucure\u015fti la Br\u0103ila&#8221;, a precizat D\u0103n\u0103il\u0103.<\/p>\n<p>Secretarul general interimar al PNL, Cristian Bu\u015foi, s-a aflat duminic\u0103 \u00eentr-o vizit\u0103 de lucru \u00een Br\u0103ila, unde a participat la validarea candidaturii la func\u0163ia de primar a lui Victor Doag\u0103.<\/p>\n<p>Victor Doag\u0103 candideaz\u0103 la alegerile din 11 iunie la Prim\u0103ria comunei Viziru.<\/p>\n<p>Sursa: Agerpres\n<\/p><\/div>\n<p> Source URL: https:\/\/observatornews.ro\/politic\/candidatul-la-sefia-pnl-cristian-busoi-vrea-sa-recastige-o-parte-din-electoratul-lui-iohannis-208953.html<\/p>\n","protected":false},"excerpt":{"rendered":"<p>Cristian Bu\u015foi, candidat pentru func\u0163ia de pre\u015fedinte al PNL la Congresul din 17 iunie, spune c\u0103 programul s\u0103u politic are \u00een vedere rec\u00e2\u015ftigarea de c\u0103tre liberali a unei p\u0103r\u0163i din electoratul care l-a sprijinit pe pre\u015fedintele Klaus Iohannis. Cristian Bu\u015foi, candidat pentru func\u0163ia de pre\u015fedinte al PNL la Congresul din 17 iunie, spune c\u0103 programul [&hellip;]<\/p>\n","protected":false},"author":1,"featured_media":0,"comment_status":"open","ping_status":"","sticky":false,"template":"","format":"standard","meta":{"footnotes":""},"categories":[2],"tags":[30],"class_list":["post-362482","post","type-post","status-publish","format-standard","hentry","category-politics","tag-observatornews-ro"],"_links":{"self":[{"href":"https:\/\/analyse.optim.biz\/index.php?rest_route=\/wp\/v2\/posts\/362482","targetHints":{"allow":["GET"]}}],"collection":[{"href":"https:\/\/analyse.optim.biz\/index.php?rest_route=\/wp\/v2\/posts"}],"about":[{"href":"https:\/\/analyse.optim.biz\/index.php?rest_route=\/wp\/v2\/types\/post"}],"author":[{"embeddable":true,"href":"https:\/\/analyse.optim.biz\/index.php?rest_route=\/wp\/v2\/users\/1"}],"replies":[{"embeddable":true,"href":"https:\/\/analyse.optim.biz\/index.php?rest_route=%2Fwp%2Fv2%2Fcomments&post=362482"}],"version-history":[{"count":0,"href":"https:\/\/analyse.optim.biz\/index.php?rest_route=\/wp\/v2\/posts\/362482\/revisions"}],"wp:attachment":[{"href":"https:\/\/analyse.optim.biz\/index.php?rest_route=%2Fwp%2Fv2%2Fmedia&parent=362482"}],"wp:term":[{"taxonomy":"category","embeddable":true,"href":"https:\/\/analyse.optim.biz\/index.php?rest_route=%2Fwp%2Fv2%2Fcategories&post=362482"},{"taxonomy":"post_tag","embeddable":true,"href":"https:\/\/analyse.optim.biz\/index.php?rest_route=%2Fwp%2Fv2%2Ftags&post=362482"}],"curies":[{"name":"wp","href":"https:\/\/api.w.org\/{rel}","templated":true}]}}