{"id":362449,"date":"2017-05-07T19:48:00","date_gmt":"2017-05-07T16:48:00","guid":{"rendered":"https:\/\/analyse.optim.biz\/?p=362449"},"modified":"2017-05-07T19:48:00","modified_gmt":"2017-05-07T16:48:00","slug":"romania-dupa-alegerile-prezidentiale-din-franta-oamenii-politici-comenteaza-victoria-lui-macron","status":"publish","type":"post","link":"https:\/\/analyse.optim.biz\/?p=362449","title":{"rendered":"Rom\u00e2nia, dup\u0103 alegerile preziden\u0163iale din Fran\u0163a. Oamenii politici comenteaz\u0103 victoria lui Macron"},"content":{"rendered":"<div class=\"description\" data-key=\"description\">Fostul pre\u015fedinte Traian B\u0103sescu spune c\u0103 alegerea lui Emmanuel Macron ca pre\u015fedinte al Fran\u0163ei era de a\u015fteptat, &#8216;un rezultat previzibil&#8217;, ad\u0103ug\u00e2nd c\u0103 marea problem\u0103 va fi gestionarea victoriei. At\u00e2t liderul PSD, Liviu Dragnea, c\u00e2t \u015fi Raluca Turcan, reprezentantul liberalilor, au comentat victoria lui Macron.<\/div>\n<div class=\"articleBody\" data-key=\"articleBody\">Fostul pre\u015fedinte Traian B\u0103sescu spune c\u0103 alegerea lui Emmanuel Macron ca pre\u015fedinte al Fran\u0163ei era de a\u015fteptat, &#8216;un rezultat previzibil&#8217;, ad\u0103ug\u00e2nd c\u0103 marea problem\u0103 va fi gestionarea victoriei. At\u00e2t liderul PSD, Liviu Dragnea,\u00a0c\u00e2t \u015fi Raluca Turcan, reprezentantul liberalilor, au comentat victoria lui Macron.<\/p>\n<p>Traian B\u0103sescu spune c\u0103 Macron va avea situa\u0163ii foarte dificile de gestionat la \u00eenceputul mandatului, at\u00e2t \u00een plan intern, \u00een privin\u0163a asigur\u0103rii suportului parlamentar pentru sus\u0163inerii unui guvern, c\u00e2t \u015fi \u00een ceea ce prive\u015fte angajamentul s\u0103u privind reforma la nivelul UE.<\/p>\n<p>&#8216;Nimic nou sub soare, era rezultat previzibil. Marea problem\u0103 este cum reu\u015fe\u015fte s\u0103 gestioneze victoria. Adic\u0103, \u00een iunie are alegeri pentru Camera inferioar\u0103, cea cu care ar trebuie s\u0103-\u015fi g\u0103seasc\u0103 solu\u0163iile politice s\u0103 sus\u0163in\u0103 un guvern. Problema lui Macron e c\u0103 nu are un partid, e \u00eenfiin\u0163at foarte proasp\u0103t \u015fi are pu\u0163ine structuri teritoriale. Exist\u0103 chiar riscul s\u0103 nu poat\u0103 depune liste \u00een toat\u0103 Fran\u0163a la alegerile care vor fi \u00een iunie&#8217;, a declarat fostul pre\u015fedinte Traian B\u0103sescu.<\/p>\n<p>El a mai spus c\u0103 o alt\u0103 mare problem\u0103 cu care se va confrunta Macron este legat\u0103 de angajamentul din campanie privind reformarea UE.<\/p>\n<p>&#8216;O alt\u0103 mare problem\u0103 este c\u0103 unul din angajamentele lui fundamentale \u00een aceast\u0103 campanie a fost c\u0103 va reforma Uniunea European\u0103. Ori, aici va avea o mare problem\u0103 dac\u0103 nu va avea un suport \u015fi \u00een Parlamentul francez, pe de-o parte, pe de alt\u0103 parte trebuie s\u0103 g\u0103seasc\u0103 o direc\u0163ie comun\u0103 cu Merkel. Mai ales c\u0103 transform\u0103rile UE sunt deja previzibile dup\u0103 Declara\u0163ia de la Roma. \u015etim to\u0163i c\u0103 va fi o Europ\u0103 cu mai multe viteze, cel pu\u0163in dou\u0103: eurozona \u015fi statele non euro, dar s-ar putea s\u0103 fie mai multe cercuri concentrice. Deci, va avea situa\u0163ii foarte dificile de gestionat domnul pre\u015fedinte Macron&#8217;, a explicat B\u0103sescu.<\/p>\n<p>Fostul pre\u015fedinte s-a referit \u015fi la episodul petrecut \u00een ultima zi a campaniei electorale pentru alegerile preziden\u0163iale din Fran\u0163a, respectiv la &#8216;spargerea serverelor de campanie&#8217; ale lui Macron.<\/p>\n<p>&#8216;Deci, rezultatul era previzibil, dar marea problem\u0103 e c\u0103 \u00een ultima zi de campanie Macron s-a pricopsit cu acea spargere a sistemelor, a serverelor lui de campanie. Documente extrem de importante sunt totu\u015fi pe pia\u0163\u0103, chiar dac\u0103 nu au fost difuzate de pres\u0103. Dac\u0103 ceea ce se spune legat de finan\u0163\u0103ri externe se va confirma, are un \u00eenceput dificil de mandat&#8217;, a conchis Traian B\u0103sescu.<\/p>\n<p>Pre\u015fedintele Camerei Deputa\u0163ilor, Liviu Dragnea, liderul PSD, l-a felicitat duminic\u0103 seara pe pre\u015fedintele ales al Fran\u0163ei, Emmanuel Macron. &#8216;Felicit\u0103ri lui Emmanuel Macron! Vive la France!&#8217;, a scris Dragnea pe pagina sa de Facebook.<\/p>\n<p>Pre\u015fedintele interimar al PNL, Raluca Turcan, afirm\u0103 c\u0103 rezultatul alegerilor preziden\u0163iale din Fran\u0163a reprezint\u0103 &#8220;o lec\u0163ie a populismului de\u015f\u0103n\u0163at&#8221; \u015fi subliniaz\u0103 c\u0103 toat\u0103 lumea are de \u00eenv\u0103\u0163at din lec\u0163ia francez\u0103.<\/p>\n<p>&#8216;Fran\u0163a a transmis ast\u0103zi un mesaj clar: locul ei este \u00een centrul Uniunii Europene, al\u0103turi de partenerii s\u0103i! Izola\u0163ionismul propus de extrema dreapt\u0103, reprezentat\u0103 de Marine Le Pen, a fost respins categoric de cet\u0103\u0163enii francezi. Fran\u0163a a oferit ast\u0103zi un exemplu de democra\u0163ie, maturitate \u015fi viziune asupra viitorului Europei. Este lec\u0163ia respingerii populismului de\u015f\u0103n\u0163at, a extremismului demagogic \u015fi a oportunismului&#8217;, a scris Turcan, duminic\u0103, pe Facebook.<\/p>\n<p>Sursa: Agerpres\n<\/p><\/div>\n<p> Source URL: https:\/\/observatornews.ro\/politic\/romania-dupa-alegerile-prezidentiale-din-franta-oamenii-politici-comenteaza-victoria-lui-emmanuel-macron-208981.html<\/p>\n","protected":false},"excerpt":{"rendered":"<p>Fostul pre\u015fedinte Traian B\u0103sescu spune c\u0103 alegerea lui Emmanuel Macron ca pre\u015fedinte al Fran\u0163ei era de a\u015fteptat, &#8216;un rezultat previzibil&#8217;, ad\u0103ug\u00e2nd c\u0103 marea problem\u0103 va fi gestionarea victoriei. At\u00e2t liderul PSD, Liviu Dragnea, c\u00e2t \u015fi Raluca Turcan, reprezentantul liberalilor, au comentat victoria lui Macron. Fostul pre\u015fedinte Traian B\u0103sescu spune c\u0103 alegerea lui Emmanuel Macron ca [&hellip;]<\/p>\n","protected":false},"author":1,"featured_media":362450,"comment_status":"open","ping_status":"","sticky":false,"template":"","format":"standard","meta":{"footnotes":""},"categories":[2],"tags":[30],"class_list":["post-362449","post","type-post","status-publish","format-standard","has-post-thumbnail","hentry","category-politics","tag-observatornews-ro"],"_links":{"self":[{"href":"https:\/\/analyse.optim.biz\/index.php?rest_route=\/wp\/v2\/posts\/362449","targetHints":{"allow":["GET"]}}],"collection":[{"href":"https:\/\/analyse.optim.biz\/index.php?rest_route=\/wp\/v2\/posts"}],"about":[{"href":"https:\/\/analyse.optim.biz\/index.php?rest_route=\/wp\/v2\/types\/post"}],"author":[{"embeddable":true,"href":"https:\/\/analyse.optim.biz\/index.php?rest_route=\/wp\/v2\/users\/1"}],"replies":[{"embeddable":true,"href":"https:\/\/analyse.optim.biz\/index.php?rest_route=%2Fwp%2Fv2%2Fcomments&post=362449"}],"version-history":[{"count":0,"href":"https:\/\/analyse.optim.biz\/index.php?rest_route=\/wp\/v2\/posts\/362449\/revisions"}],"wp:featuredmedia":[{"embeddable":true,"href":"https:\/\/analyse.optim.biz\/index.php?rest_route=\/wp\/v2\/media\/362450"}],"wp:attachment":[{"href":"https:\/\/analyse.optim.biz\/index.php?rest_route=%2Fwp%2Fv2%2Fmedia&parent=362449"}],"wp:term":[{"taxonomy":"category","embeddable":true,"href":"https:\/\/analyse.optim.biz\/index.php?rest_route=%2Fwp%2Fv2%2Fcategories&post=362449"},{"taxonomy":"post_tag","embeddable":true,"href":"https:\/\/analyse.optim.biz\/index.php?rest_route=%2Fwp%2Fv2%2Ftags&post=362449"}],"curies":[{"name":"wp","href":"https:\/\/api.w.org\/{rel}","templated":true}]}}