{"id":362447,"date":"2017-05-08T07:00:00","date_gmt":"2017-05-08T04:00:00","guid":{"rendered":"https:\/\/analyse.optim.biz\/?p=362447"},"modified":"2017-05-08T07:00:00","modified_gmt":"2017-05-08T04:00:00","slug":"klaus-iohannis-mesaj-catre-noul-presedinte-al-frantei-emmanuel-macron","status":"publish","type":"post","link":"https:\/\/analyse.optim.biz\/?p=362447","title":{"rendered":"Klaus Iohannis, mesaj c\u0103tre noul pre\u015fedinte al Fran\u0163ei, Emmanuel Macron"},"content":{"rendered":"<div class=\"description\" data-key=\"description\">Pre\u015fedintele Klaus Iohannis i-a transmis, luni, un mesaj de felicitare pre\u015fedintelui ales al Republicii Franceze, Emmanuel Macron, \u00een care subliniaz\u0103 c\u0103 Rom\u00e2nia dore\u015fte s\u0103 contribuie, al\u0103turi de Fran\u0163a \u015fi de celelalte state partenere, la relansarea \u015fi aprofundarea proiectului european.<\/div>\n<div class=\"articleBody\" data-key=\"articleBody\">Pre\u015fedintele Klaus Iohannis i-a transmis, luni, un mesaj de felicitare pre\u015fedintelui ales al Republicii Franceze, Emmanuel Macron, \u00een care subliniaz\u0103 c\u0103 Rom\u00e2nia dore\u015fte s\u0103 contribuie, al\u0103turi de Fran\u0163a \u015fi de celelalte state partenere, la relansarea \u015fi aprofundarea proiectului european.<\/p>\n<p>\u201dCu ocazia victoriei dumneavoastr\u0103 \u00een alegerile preziden\u0163iale din Republica Francez\u0103, doresc s\u0103 v\u0103 adresez, \u00een numele meu personal \u015fi al poporului rom\u00e2n, cele mai calde felicit\u0103ri, \u00eempreun\u0103 cu ur\u0103ri de deplin succes \u00een exercitarea \u00eenaltelor responsabilit\u0103\u0163i ce v-au fost \u00eencredin\u0163ate. Prin alegerea dumneavoastr\u0103, poporul francez s-a pronun\u0163at ferm \u015fi clar \u00een favoarea continu\u0103rii implic\u0103rii Fran\u0163ei \u00een sus\u0163inerea proiectului european. Rom\u00e2nia dore\u015fte s\u0103 contribuie, al\u0103turi de Fran\u0163a \u015fi de celelalte state partenere, la relansarea \u015fi aprofundarea acestui proiect esen\u0163ial, astfel \u00eenc\u00e2t s\u0103 putem oferi mai mult\u0103 securitate \u015fi prosperitate cet\u0103\u0163enilor no\u015ftri, \u00eentr-un context marcat de multe provoc\u0103ri \u015fi incertitudini.\u201d, se arat\u0103 \u00een mesajul pre\u015fedintelui Rom\u00e2niei.<\/p>\n<p>Pre\u015fedintele Klaus Iohannis subliniaz\u0103 faptul c\u0103 Fran\u0163a este un partener esen\u0163ial pentru Rom\u00e2nia, iar rela\u0163iile dintre cele dou\u0103 \u0163\u0103ri, cl\u0103dite pe o istorie comun\u0103 \u015fi pe afinit\u0103\u0163i lingvistice \u015fi culturale foarte str\u00e2nse, au cunoscut \u00een ultimii ani o dezvoltare f\u0103r\u0103 precedent.<\/p>\n<p>\u201eFolosesc acest prilej pentru a v\u0103 asigura de \u00eentreaga mea disponibilitate de a lucra \u00eempreun\u0103 cu dumneavoastr\u0103 la aprofundarea rela\u0163iilor privilegiate dintre Rom\u00e2nia \u015fi Fran\u0163a, pe baza Parteneriatului Strategic solid existent \u00eentre \u0163\u0103rile noastre. Sunt convins c\u0103 Sezonul cultural comun din 2018-2019 va reprezenta \u015fi el o ocazie excelent\u0103 pentru a scoate \u00een eviden\u0163\u0103 bog\u0103\u0163ia \u015fi diversitatea rela\u0163iilor noastre.\u201d, se mai arat\u0103 \u00een mesajul \u015fefului statului rom\u00e2n.<\/p>\n<p>Sursa: News.ro\n<\/p><\/div>\n<p> Source URL: https:\/\/observatornews.ro\/politic\/klaus-iohannis-mesaj-catre-noul-presedinte-al-frantei-emmanuel-macron-209013.html<\/p>\n","protected":false},"excerpt":{"rendered":"<p>Pre\u015fedintele Klaus Iohannis i-a transmis, luni, un mesaj de felicitare pre\u015fedintelui ales al Republicii Franceze, Emmanuel Macron, \u00een care subliniaz\u0103 c\u0103 Rom\u00e2nia dore\u015fte s\u0103 contribuie, al\u0103turi de Fran\u0163a \u015fi de celelalte state partenere, la relansarea \u015fi aprofundarea proiectului european. Pre\u015fedintele Klaus Iohannis i-a transmis, luni, un mesaj de felicitare pre\u015fedintelui ales al Republicii Franceze, Emmanuel [&hellip;]<\/p>\n","protected":false},"author":1,"featured_media":362448,"comment_status":"open","ping_status":"","sticky":false,"template":"","format":"standard","meta":{"footnotes":""},"categories":[2],"tags":[30],"class_list":["post-362447","post","type-post","status-publish","format-standard","has-post-thumbnail","hentry","category-politics","tag-observatornews-ro"],"_links":{"self":[{"href":"https:\/\/analyse.optim.biz\/index.php?rest_route=\/wp\/v2\/posts\/362447","targetHints":{"allow":["GET"]}}],"collection":[{"href":"https:\/\/analyse.optim.biz\/index.php?rest_route=\/wp\/v2\/posts"}],"about":[{"href":"https:\/\/analyse.optim.biz\/index.php?rest_route=\/wp\/v2\/types\/post"}],"author":[{"embeddable":true,"href":"https:\/\/analyse.optim.biz\/index.php?rest_route=\/wp\/v2\/users\/1"}],"replies":[{"embeddable":true,"href":"https:\/\/analyse.optim.biz\/index.php?rest_route=%2Fwp%2Fv2%2Fcomments&post=362447"}],"version-history":[{"count":0,"href":"https:\/\/analyse.optim.biz\/index.php?rest_route=\/wp\/v2\/posts\/362447\/revisions"}],"wp:featuredmedia":[{"embeddable":true,"href":"https:\/\/analyse.optim.biz\/index.php?rest_route=\/wp\/v2\/media\/362448"}],"wp:attachment":[{"href":"https:\/\/analyse.optim.biz\/index.php?rest_route=%2Fwp%2Fv2%2Fmedia&parent=362447"}],"wp:term":[{"taxonomy":"category","embeddable":true,"href":"https:\/\/analyse.optim.biz\/index.php?rest_route=%2Fwp%2Fv2%2Fcategories&post=362447"},{"taxonomy":"post_tag","embeddable":true,"href":"https:\/\/analyse.optim.biz\/index.php?rest_route=%2Fwp%2Fv2%2Ftags&post=362447"}],"curies":[{"name":"wp","href":"https:\/\/api.w.org\/{rel}","templated":true}]}}