{"id":362412,"date":"2017-05-08T09:44:00","date_gmt":"2017-05-08T06:44:00","guid":{"rendered":"https:\/\/analyse.optim.biz\/?p=362412"},"modified":"2017-05-08T09:44:00","modified_gmt":"2017-05-08T06:44:00","slug":"klaus-iohannis-singura-tara-care-se-opune-aderarii-noastre-la-schengen-este-romania","status":"publish","type":"post","link":"https:\/\/analyse.optim.biz\/?p=362412","title":{"rendered":"Klaus Iohannis: &#8220;Singura \u0163ar\u0103 care se opune ader\u0103rii noastre la Schengen este Rom\u00e2nia&#8221;"},"content":{"rendered":"<div class=\"description\" data-key=\"description\">Pre\u015fedintele Klaus Iohannis a declarat, \u00eentr-un interviu difuzat luni de caleaeuropeana.ro, c\u0103 singura \u0163ar\u0103 care se opune realmente ader\u0103rii noastre la Schengen este Rom\u00e2nia, prin felul nefericit \u00een care legifer\u0103m, prin felul nefericit \u00een care d\u0103m ordonan\u0163e de urgen\u0163\u0103, \u00een general prin felul nefericit \u00een care ar\u0103t\u0103m c\u0103 nu \u015ftim foarte bine ce vrem, preciz\u00e2nd c\u0103 se refer\u0103 la abord\u0103ri de tipul OUG 13.<\/div>\n<div class=\"articleBody\" data-key=\"articleBody\">Pre\u015fedintele Klaus Iohannis a declarat c\u0103 singura \u0163ar\u0103 care se opune realmente ader\u0103rii noastre la Schengen este Rom\u00e2nia, prin felul nefericit \u00een care legifer\u0103m, prin felul nefericit \u00een care d\u0103m ordonan\u0163e de urgen\u0163\u0103, \u00een general prin felul nefericit \u00een care ar\u0103t\u0103m c\u0103 nu \u015ftim foarte bine ce vrem, preciz\u00e2nd c\u0103 se refer\u0103 la abord\u0103ri de tipul OUG 13.<\/p>\n<p>\u00centrebat ce \u0163\u0103ri se opun \u00eenc\u0103 ader\u0103rii Rom\u00e2niei la Schengen \u015fi ce ar trebui s\u0103 mai fac\u0103 Rom\u00e2nia \u00een plus pentru a adera, pre\u015fedintele Iohannis a afirmat: \u201dVre\u0163i s\u0103 v\u0103 spun ceva surprinz\u0103tor?\u00a0Singura \u0163ar\u0103 care realmente se opune ader\u0103rii este Rom\u00e2nia.\u00a0Prin felul nefericit \u00een care legifer\u0103m, prin felul nefericit \u00een care d\u0103m ordonan\u0163e de urgen\u0163\u0103, \u00een general prin felul nefericit \u00een care ar\u0103t\u0103m c\u0103 nu \u015ftim foarte bine ce vrem. M\u0103 refer la ordonan\u0163a 13, la MCV, unde partea vizat\u0103 prioritar \u2013 justi\u0163ia \u2013 \u015fi-a f\u0103cut treaba. St\u0103m bine. La cealalt\u0103 parte, care \u0163ine de Parlament \u015fi de politicieni mai avem teme de rezolvat \u015fi abord\u0103ri de tip ordonan\u0163a 13, chiar dac\u0103 au disp\u0103rut, arat\u0103 multor politicieni europeni c\u0103 \u00een Rom\u00e2nia lucrurile \u00eenc\u0103 nu sunt stabile \u00een ce prive\u015fte abordarea fa\u0163\u0103 de ce se nume\u015fte statul de drept\u201d, a declarat \u015feful statului \u00eentr-un interviu difuzat\u00a0de caleaeuropeana.ro,<\/p>\n<p>\u015eeful statului a subliniat \u015fi c\u0103 \u201dabord\u0103rile unor politicieni chiar foarte vizibili, cu pozi\u0163ii foarte \u00eenalte \u00een stat, care cic\u0103 ceart\u0103 Bruxelles-ul sau ceart\u0103 Uniunea European\u0103 pentru diferite abord\u0103ri nu ne fac bine absolut deloc\u201d.<\/p>\n<p>\u201dDimpotriv\u0103, ele confirm\u0103 c\u0103, \u00een continuare, \u00een Rom\u00e2nia avem cam mul\u0163i politicieni care nu au \u00een\u0163eles foarte bine cum e cu statul de drept, care sunt valorile fundamentale ale Uniunii Europene \u015fi avem \u00eenc\u0103 politicieni care au apuc\u0103turi na\u0163ionaliste \u00eentr-un mod negativ. Au impresia c\u0103, \u00een ghilimele, \u00abUniunea nu are ce se amesteca \u00een treburile noastre interne\u00bb. P\u0103i dac\u0103 n-ar avea, de ce suntem membri acolo, de ce suntem parte dac\u0103 nu vrem s\u0103 se implice? Astfel de abord\u0103ri prost \u00een\u0163elese din partea politicienilor de la noi, nu a tuturor, a unora, fac ca aceast\u0103 discu\u0163ie s\u0103 se tot prelungeasc\u0103\u201d, a precizat Iohannis.<\/p>\n<p>Pre\u015fedintele a declarat c\u0103 nu se opune nimeni din motive tehnice ader\u0103rii Rom\u00e2niei, \u201dcum nu s-a opus nimeni din capul locului, \u00eens\u0103 opozi\u0163ia politic\u0103 a existat \u015fi singurul mod de a o elimina este s\u0103 ar\u0103t\u0103m c\u0103 suntem oameni serio\u015fi\u201d.<\/p>\n<p>\u201dAici trebuie lucrat.\u00a0Noi nu avem du\u015fmani \u00een Uniunea European\u0103, contrar celor spuse de unii politicieni de la noi. Ba dimpotriv\u0103, avem foarte mul\u0163i prieteni\u00a0\u015fi avem foarte mul\u0163i care a\u015fteapt\u0103 cu optimism s\u0103 reu\u015fim s\u0103 \u00een\u0163elegem cu to\u0163ii cum este cu valorile europene\u201d, a ad\u0103ugat \u015feful statului.<\/p>\n<p>Klaus Iohannis a spus c\u0103, personal, este optimist. \u201dCred c\u0103 lucrurile merge \u00eentr-o direc\u0163ie bun\u0103, dar ne-ar fi mult mai u\u015for f\u0103r\u0103 astfel de ie\u015firi \u00een decor cum au fost anumite afirma\u0163ii din campania electoral\u0103 sau nefericita ordonan\u0163\u0103 13 sau recenta ordonan\u0163\u0103 legat\u0103 de procedura pe ANCOM\u201d, a completat el.<\/p>\n<p>\u00centrebat c\u00e2nd se va \u00eencheia MCV, pre\u015fedintele Iohannis a r\u0103spuns: \u201dEste posibil s\u0103 mergem \u00een continuare pe ceea ce se nume\u015fte \u00een termeni tehnici \u00abphasing-out\u00bb, adic\u0103 s\u0103 mergem spre terminarea MCV. Chiar \u00een aceste zile avem evaluatori \u00een vizit\u0103 care verific\u0103 c\u00e2t de mult s-a progresat \u00een acest domeniu, \u00eens\u0103 discu\u0163ia revine exact la acelea\u015fi chestiuni pe care le-am men\u0163ionat \u00eenainte\u201d.<\/p>\n<p>Sursa: News.ro\n<\/p><\/div>\n<p> Source URL: https:\/\/observatornews.ro\/politic\/klaus-iohannis-singura-tara-care-se-opune-aderarii-noastre-la-schengen-este-romania-209038.html<\/p>\n","protected":false},"excerpt":{"rendered":"<p>Pre\u015fedintele Klaus Iohannis a declarat, \u00eentr-un interviu difuzat luni de caleaeuropeana.ro, c\u0103 singura \u0163ar\u0103 care se opune realmente ader\u0103rii noastre la Schengen este Rom\u00e2nia, prin felul nefericit \u00een care legifer\u0103m, prin felul nefericit \u00een care d\u0103m ordonan\u0163e de urgen\u0163\u0103, \u00een general prin felul nefericit \u00een care ar\u0103t\u0103m c\u0103 nu \u015ftim foarte bine ce vrem, preciz\u00e2nd [&hellip;]<\/p>\n","protected":false},"author":1,"featured_media":0,"comment_status":"open","ping_status":"","sticky":false,"template":"","format":"standard","meta":{"footnotes":""},"categories":[2],"tags":[30],"class_list":["post-362412","post","type-post","status-publish","format-standard","hentry","category-politics","tag-observatornews-ro"],"_links":{"self":[{"href":"https:\/\/analyse.optim.biz\/index.php?rest_route=\/wp\/v2\/posts\/362412","targetHints":{"allow":["GET"]}}],"collection":[{"href":"https:\/\/analyse.optim.biz\/index.php?rest_route=\/wp\/v2\/posts"}],"about":[{"href":"https:\/\/analyse.optim.biz\/index.php?rest_route=\/wp\/v2\/types\/post"}],"author":[{"embeddable":true,"href":"https:\/\/analyse.optim.biz\/index.php?rest_route=\/wp\/v2\/users\/1"}],"replies":[{"embeddable":true,"href":"https:\/\/analyse.optim.biz\/index.php?rest_route=%2Fwp%2Fv2%2Fcomments&post=362412"}],"version-history":[{"count":0,"href":"https:\/\/analyse.optim.biz\/index.php?rest_route=\/wp\/v2\/posts\/362412\/revisions"}],"wp:attachment":[{"href":"https:\/\/analyse.optim.biz\/index.php?rest_route=%2Fwp%2Fv2%2Fmedia&parent=362412"}],"wp:term":[{"taxonomy":"category","embeddable":true,"href":"https:\/\/analyse.optim.biz\/index.php?rest_route=%2Fwp%2Fv2%2Fcategories&post=362412"},{"taxonomy":"post_tag","embeddable":true,"href":"https:\/\/analyse.optim.biz\/index.php?rest_route=%2Fwp%2Fv2%2Ftags&post=362412"}],"curies":[{"name":"wp","href":"https:\/\/api.w.org\/{rel}","templated":true}]}}