{"id":362094,"date":"2017-05-17T06:06:00","date_gmt":"2017-05-17T03:06:00","guid":{"rendered":"https:\/\/analyse.optim.biz\/?p=362094"},"modified":"2017-05-17T06:06:00","modified_gmt":"2017-05-17T03:06:00","slug":"prima-sedinta-a-comisiei-de-ancheta-pe-alegerile-prezidentiale-din-2009-ce-urmeaza-sa-stabileasca-parlamentarii","status":"publish","type":"post","link":"https:\/\/analyse.optim.biz\/?p=362094","title":{"rendered":"Prima \u015fedin\u0163\u0103 a comisiei de anchet\u0103 pe alegerile preziden\u0163iale din 2009. Ce urmeaz\u0103 s\u0103 stabileasc\u0103 parlamentarii"},"content":{"rendered":"<div class=\"description\" data-key=\"description\">Comisia de anchet\u0103 privind alegerile preziden\u0163iale din 2009 se \u00eentrune\u015fte miercuri, de la ora 12.00, \u00een prima \u015fedin\u0163\u0103 de la constituire, urm\u00e2nd ca membrii comisiei s\u0103 stabileasc\u0103 chestiuni organizatorice, a precizat deputatul PSD Eugen Nicolicea, membru al comisiei.<\/div>\n<div class=\"articleBody\" data-key=\"articleBody\">Comisia de anchet\u0103 privind alegerile preziden\u0163iale din 2009 se \u00eentrune\u015fte miercuri, de la ora 12.00, \u00een prima \u015fedin\u0163\u0103 de la constituire, urm\u00e2nd ca membrii comisiei s\u0103 stabileasc\u0103 chestiuni organizatorice, a precizat deputatul PSD Eugen Nicolicea, membru al comisiei.<\/p>\n<p>Prima \u015fedin\u0163\u0103 a comisiei de anchet\u0103 va avea loc la ora 12.00, la sala Mihai Viteazul din Palatul Parlamentului.<\/p>\n<p>\u00centrebat ce urmeaz\u0103 s\u0103 stabileasc\u0103 membri comisiei \u00een prima \u015fedin\u0163\u0103, Eugen Nicolicea a spus c\u0103 aspecte \u201eorganizatorice\u201d.<\/p>\n<p>Plenul reunit al Camerei Deputa\u0163ilor \u015fi Senatului a aprobat, joi, cu 241 voturi \u201dpentru\u201d \u015fi 86 \u201d\u00eempotriv\u0103\u201d, \u00eenfiin\u0163area comisiei de anchet\u0103 speciale privind modul \u00een care au fost organizate \u015fi s-au desf\u0103\u015furat alegerile preziden\u0163iale din 2009, precum \u015fi componen\u0163a comisiei.<\/p>\n<p>Totodat\u0103 a fost aprobat\u0103 \u015fi componen\u0163a nominal\u0103 a comisiei: Mihai Fifor (pre\u015fedintele comisiei), Adrian \u0162u\u0163uianu, Dorel C\u0103prar, Mihai Weber, Adrian Ple\u015foianu, Oana Florea, Eugen Nicolicea din partea PSD, Stelu\u0163a C\u0103t\u0103niciu (ALDE) Cezar Preda, Vasile Varga \u015fi Daniel Fenechiu din partea PNL, Mihai Go\u0163iu \u015fi Eduard Dirc\u0103 din partea USR, Robert Turcescu (PMP) \u015fi Antal Istvan (UDMR).<\/p>\n<p>Comisiile juridice ale Senatului \u015fi Camerei Deputa\u0163ilor au adoptat, miercuri, raportul pentru proiectul de hot\u0103r\u00e2re de \u00eenfiin\u0163are a comisiei de anchet\u0103 a alegerilor preziden\u0163iale din 2009, \u00een noua form\u0103 con\u0163in\u00e2nd un amendament menit s\u0103 evite suprapunerea obiectivelor comisiei cu ancheta \u00eenceput\u0103 de Parchetul General.<\/p>\n<p>Raportul comisiei a fost adoptat cu 16 voturi \u201dpentru\u201d, nou\u0103 \u201d\u00eempotriv\u0103\u201d \u015fi o ab\u0163inere. Principala modificare fa\u0163\u0103 de forma ini\u0163ial\u0103 a raportului este un amendament propus de c\u0103tre pre\u015fedintele Comisiei juridice a Camerei, Eugen Nicolicea (PSD), care prevede c\u0103 membrii comisiei nu vor ancheta elementele care au generat suspiciuni de abuz \u00een serviciu \u015fi falsificarea documentelor \u015fi eviden\u0163elor electorale, suspiciuni care au declan\u015fat ancheta penal\u0103 in rem a Parchetului General.<\/p>\n<p>Sursa: News.ro\n<\/p><\/div>\n<p> Source URL: https:\/\/observatornews.ro\/politic\/prima-sedinta-a-comisiei-de-ancheta-pe-alegerile-prezidentiale-din-2009-210164.html<\/p>\n","protected":false},"excerpt":{"rendered":"<p>Comisia de anchet\u0103 privind alegerile preziden\u0163iale din 2009 se \u00eentrune\u015fte miercuri, de la ora 12.00, \u00een prima \u015fedin\u0163\u0103 de la constituire, urm\u00e2nd ca membrii comisiei s\u0103 stabileasc\u0103 chestiuni organizatorice, a precizat deputatul PSD Eugen Nicolicea, membru al comisiei. Comisia de anchet\u0103 privind alegerile preziden\u0163iale din 2009 se \u00eentrune\u015fte miercuri, de la ora 12.00, \u00een prima [&hellip;]<\/p>\n","protected":false},"author":1,"featured_media":362095,"comment_status":"open","ping_status":"","sticky":false,"template":"","format":"standard","meta":{"footnotes":""},"categories":[2],"tags":[30],"class_list":["post-362094","post","type-post","status-publish","format-standard","has-post-thumbnail","hentry","category-politics","tag-observatornews-ro"],"_links":{"self":[{"href":"https:\/\/analyse.optim.biz\/index.php?rest_route=\/wp\/v2\/posts\/362094","targetHints":{"allow":["GET"]}}],"collection":[{"href":"https:\/\/analyse.optim.biz\/index.php?rest_route=\/wp\/v2\/posts"}],"about":[{"href":"https:\/\/analyse.optim.biz\/index.php?rest_route=\/wp\/v2\/types\/post"}],"author":[{"embeddable":true,"href":"https:\/\/analyse.optim.biz\/index.php?rest_route=\/wp\/v2\/users\/1"}],"replies":[{"embeddable":true,"href":"https:\/\/analyse.optim.biz\/index.php?rest_route=%2Fwp%2Fv2%2Fcomments&post=362094"}],"version-history":[{"count":0,"href":"https:\/\/analyse.optim.biz\/index.php?rest_route=\/wp\/v2\/posts\/362094\/revisions"}],"wp:featuredmedia":[{"embeddable":true,"href":"https:\/\/analyse.optim.biz\/index.php?rest_route=\/wp\/v2\/media\/362095"}],"wp:attachment":[{"href":"https:\/\/analyse.optim.biz\/index.php?rest_route=%2Fwp%2Fv2%2Fmedia&parent=362094"}],"wp:term":[{"taxonomy":"category","embeddable":true,"href":"https:\/\/analyse.optim.biz\/index.php?rest_route=%2Fwp%2Fv2%2Fcategories&post=362094"},{"taxonomy":"post_tag","embeddable":true,"href":"https:\/\/analyse.optim.biz\/index.php?rest_route=%2Fwp%2Fv2%2Ftags&post=362094"}],"curies":[{"name":"wp","href":"https:\/\/api.w.org\/{rel}","templated":true}]}}