{"id":361947,"date":"2017-05-20T18:44:00","date_gmt":"2017-05-20T15:44:00","guid":{"rendered":"https:\/\/analyse.optim.biz\/?p=361947"},"modified":"2017-05-20T18:44:00","modified_gmt":"2017-05-20T15:44:00","slug":"premierul-grindeanu-in-zona-rurala-se-sta-mult-mai-bine-cu-vaccinarea-decat-in-zona-urbana","status":"publish","type":"post","link":"https:\/\/analyse.optim.biz\/?p=361947","title":{"rendered":"Premierul Grindeanu: &#8220;\u00cen zona rural\u0103 se st\u0103 mult mai bine cu vaccinarea dec\u00e2t \u00een zona urban\u0103!&#8221;"},"content":{"rendered":"<div class=\"description\" data-key=\"description\">Premierul Sorin Grindeanu a declarat, s\u00e2mb\u0103t\u0103, la Timi\u015foara, c\u0103, statistic, \u201d\u00een zona rural\u0103 se st\u0103 mult mai bine cu vaccinarea dec\u00e2t \u00een zona urban\u0103\u201d, pentru c\u0103 la ora\u015fe, \u201ddin prea mult\u0103 informa\u0163ie de medicin\u0103 alternativ\u0103\u201d, unii p\u0103rin\u0163i refuz\u0103 s\u0103 \u00ee\u015fi vaccineze copiii. De asemenea, el a spus c\u0103 \u015fi-a vaccinat copiii \u015fi c\u0103 a f\u0103cut bine, scrie News.ro<\/div>\n<div class=\"articleBody\" data-key=\"articleBody\">Premierul Sorin Grindeanu a declarat, s\u00e2mb\u0103t\u0103, la Timi\u015foara, c\u0103, statistic, \u201d\u00een zona rural\u0103 se st\u0103 mult mai bine cu vaccinarea dec\u00e2t \u00een zona urban\u0103\u201d, pentru c\u0103 la ora\u015fe, \u201ddin prea mult\u0103 informa\u0163ie de medicin\u0103 alternativ\u0103\u201d, unii p\u0103rin\u0163i refuz\u0103 s\u0103 \u00ee\u015fi vaccineze copiii. De asemenea, el a spus c\u0103 \u015fi-a vaccinat copiii \u015fi c\u0103 a f\u0103cut bine, scrie News.ro<\/p>\n<p>Sorin Grindeanu a spus c\u0103 sper\u0103\u00a0ca toat\u0103 lumea \u201ds\u0103 \u00ee\u015fi dea concursul\u201d pentru a rezolva problema epidemiei de rujeol\u0103 \u015fi a vaccin\u0103rii \u00eempotriva acestei boli.<\/p>\n<p>\u201dSunt opt decese \u00een jude\u0163ul Timi\u015f, \u00een ultimul an, la copii, din diverse cauze ini\u0163iale, dar cea final\u0103 e c\u0103 nu au fost vaccina\u0163i. O spun direct: suntem pe primul loc \u00een \u0163ar\u0103, jude\u0163ul Timi\u015f, iar Cara\u015f-Severin, Arad \u015fi Timi\u015f, adunate, cazurile de rujeol\u0103, sunt c\u00e2t toat\u0103 \u0163ara la un loc. Nu se poate a\u015fa ceva. Cauzele care au dus aici sunt diverse \u015fi nu vreau neap\u0103rat s\u0103 vobesc despre ele, dar am ajuns \u00een aceast\u0103 situa\u0163ie. Nu putem s\u0103 ne facem c\u0103 nu exist\u0103. \u00cen urm\u0103 cu dou\u0103 s\u0103pt\u0103m\u00e2ni, am \u00eenceput o \u00eent\u00e2lnire la Guvern cu oameni destul de importan\u0163i la nivelul s\u0103n\u0103t\u0103\u0163ii, citind cele 26 de nume de copii care au murit de rujeol\u0103. Eu sper ca toat\u0103 lumea s\u0103 \u00ee\u015fi dea concursul s\u0103 rezolv\u0103m problema. \u00cen\u0163eleg c\u0103 \u00een acest moment nu mai e o situa\u0163ie de lips\u0103 de vaccin\u201d, a declarat Grindeanu.<\/p>\n<p>Prim-ministrul a ad\u0103ugat c\u0103 Guvernul urmeaz\u0103 s\u0103 schimbe cadrul legislativ privind vaccinarea.<\/p>\n<p>\u201dCert este c\u0103 din acest punct de vedere o s\u0103 d\u0103m c\u00e2teva lucruri care \u0163in de cadrul legislativ, adic\u0103 schimb\u0103ri, unele le-am facut chiar joi \u00een \u015fedin\u0163a de Guvern, altele vor fi f\u0103cute \u00een perioada urm\u0103toare, s\u0103 vedem cum iese din dezbaterea public\u0103 \u015fi cum va intra Legea vaccin\u0103rii, sunt lucruri care sunt importante, dar care vor trebui s\u0103 a\u015feze acest sistem pe anumite coordonate, dar care s\u0103 \u00eel fac\u0103 predictibil. Noi trebuie s\u0103 \u015ftim din timp, s\u0103 d\u0103m comenzi din timp, c\u00e2te doze de vaccin e nevoie pe anumite categorii. Lucrul acesta nu s-a f\u0103cut de ceva vreme \u015fi acum suntem \u00een situa\u0163ia pe care o cunoa\u015fte\u0163i\u201d, a mai spus premierul.<\/p>\n<p>\u00centrebat dac\u0103 este necesar ca vaccinarea copiilor s\u0103 fie obligatorie, Grindeanu a spus c\u0103, \u00eenainte de a obliga pe cineva s\u0103 fac\u0103 acest lucru, statul ar trebui s\u0103 asigure necesarul de vaccinuri.<\/p>\n<p>\u201d\u00cenainte de a obliga pe cineva s\u0103 fac\u0103 ceva, statul trebuie s\u0103 fac\u0103 altceva, s\u0103 se asigure care e necesarul de vaccinuri. \u00cenainte de a-i obliga pe p\u0103rin\u0163i sau a-i amenda pe p\u0103rin\u0163i, de exemplu, dac\u0103 ar fi obligatoriu, c\u0103 nu \u015fi-au vaccinat copiii, tu trebuie s\u0103 asiguri vaccinuri. Noi suntem \u00een momentul \u0103sta \u00een situa\u0163ia \u00een care nu prea avem \u00eenceputul \u015fi atunci lucrul acesta trebuie rezolvat \u00een primul r\u00e2nd. Trebuie a\u015fezat cadrul, s\u0103 \u00eel facem predictibil, s\u0103 \u015ftim din timp ce ai de f\u0103cut \u015fi dup\u0103 aceea de discutat. Fiecare dintre noi pre\u0163uim libertatea, libertatea de a alege, de aceea tr\u0103im \u00eentr-o \u0163ar\u0103 democrat\u0103\u201d, a spus Grindeanu.<\/p>\n<p>\u00centrebat, de asemenea, dac\u0103 \u015fi-a vaccinat cei doi copii, premierul a spus c\u0103 a f\u0103cut acest lucru \u015fi consider\u0103 c\u0103 a luat o decizie bun\u0103.<\/p>\n<p>\u201dI-am vaccinat, nu m-a obligat nimeni s\u0103 \u00eei vaccinez, eu consider c\u0103 am f\u0103cut bine c\u0103 i-am vaccinat, dar libertatea mea este deplin\u0103 at\u00e2t timp c\u00e2t nu atinge libertatea dumneavoastr\u0103. Libertatea de a nu-\u0163i vaccina copilul poate s\u0103 aduc\u0103 atingere libert\u0103\u0163ii mele at\u00e2t timp c\u00e2t duce la epidemie \u015fi \u00eemboln\u0103ve\u015fti pe toata lumea din clas\u0103, de exemplu. Astea sunt lucruri pe care ar trebui s\u0103 le avem \u00een vedere. Prima oar\u0103 trebuie s\u0103 asigur\u0103m necesarul de vaccinuri. \u00cen al doilea r\u00e2nd, dup\u0103 ce facem aceste lucruri trebuie s\u0103 avem \u00een vedere celelalte aspecte, care \u0163in de libert\u0103\u0163i. P\u00e2n\u0103 nu rezolv\u0103m acest cadru nu putem vorbi de obligativitate, iar \u00een acest moment nu este rezolvat cadrul\u201d, a mai spus premierul.<\/p>\n<p>Sorin Grindeanu a mai spus c\u0103 s-ar putea s\u0103 fie nevoie, pentru a stopa aceste focare, de o form\u0103 prin care p\u0103rin\u0163ii s\u0103 fie obliga\u0163i s\u0103 \u00ee\u015fi vaccineze copiii, \u201dpentru c\u0103 altfel lucrurile se extind\u201d.<\/p>\n<p>\u201dStatistic, \u00een acest moment, \u00een zona rural\u0103, \u00een Rom\u00e2nia, se st\u0103 mult mai bine cu vaccinarea dec\u00e2t \u00een zona urban\u0103. Noi ar trebui s\u0103 fim ca \u015fi \u0163ar\u0103 membr\u0103 UE undeva la 95%, suntem pe la 60%. Dac\u0103 vorbim de cauze, \u00een zona rural\u0103 lumea merge, \u00ee\u015fi vaccineaz\u0103 copii, aici \u00een zona urban\u0103 din prea mult\u0103 informa\u0163ie de medicin\u0103 alternativ\u0103 s-a ajuns la situatia asta. Medicii de familie sunt la cap\u0103tul acestui lan\u0163, ei sunt cei care trebuie s\u0103 administreze finalul \u015fi anume vaccinul. Exist\u0103 propuneri \u015fi s-au luat m\u0103suri concrete de impulsionare a medicilor de familie inclusiv prin ceea ce \u00eenseamn\u0103 decontarile la CNAS\u201d, a declarat premierul.<\/p>\n<p>Surs\u0103: News.ro\n<\/p><\/div>\n<p> Source URL: https:\/\/observatornews.ro\/politic\/premierul-grindeanu-in-zona-rurala-se-sta-mult-mai-bine-cu-vaccinarea-decat-in-zona-urbana-210602.html<\/p>\n","protected":false},"excerpt":{"rendered":"<p>Premierul Sorin Grindeanu a declarat, s\u00e2mb\u0103t\u0103, la Timi\u015foara, c\u0103, statistic, \u201d\u00een zona rural\u0103 se st\u0103 mult mai bine cu vaccinarea dec\u00e2t \u00een zona urban\u0103\u201d, pentru c\u0103 la ora\u015fe, \u201ddin prea mult\u0103 informa\u0163ie de medicin\u0103 alternativ\u0103\u201d, unii p\u0103rin\u0163i refuz\u0103 s\u0103 \u00ee\u015fi vaccineze copiii. De asemenea, el a spus c\u0103 \u015fi-a vaccinat copiii \u015fi c\u0103 a f\u0103cut [&hellip;]<\/p>\n","protected":false},"author":1,"featured_media":361948,"comment_status":"open","ping_status":"","sticky":false,"template":"","format":"standard","meta":{"footnotes":""},"categories":[2],"tags":[30],"class_list":["post-361947","post","type-post","status-publish","format-standard","has-post-thumbnail","hentry","category-politics","tag-observatornews-ro"],"_links":{"self":[{"href":"https:\/\/analyse.optim.biz\/index.php?rest_route=\/wp\/v2\/posts\/361947","targetHints":{"allow":["GET"]}}],"collection":[{"href":"https:\/\/analyse.optim.biz\/index.php?rest_route=\/wp\/v2\/posts"}],"about":[{"href":"https:\/\/analyse.optim.biz\/index.php?rest_route=\/wp\/v2\/types\/post"}],"author":[{"embeddable":true,"href":"https:\/\/analyse.optim.biz\/index.php?rest_route=\/wp\/v2\/users\/1"}],"replies":[{"embeddable":true,"href":"https:\/\/analyse.optim.biz\/index.php?rest_route=%2Fwp%2Fv2%2Fcomments&post=361947"}],"version-history":[{"count":0,"href":"https:\/\/analyse.optim.biz\/index.php?rest_route=\/wp\/v2\/posts\/361947\/revisions"}],"wp:featuredmedia":[{"embeddable":true,"href":"https:\/\/analyse.optim.biz\/index.php?rest_route=\/wp\/v2\/media\/361948"}],"wp:attachment":[{"href":"https:\/\/analyse.optim.biz\/index.php?rest_route=%2Fwp%2Fv2%2Fmedia&parent=361947"}],"wp:term":[{"taxonomy":"category","embeddable":true,"href":"https:\/\/analyse.optim.biz\/index.php?rest_route=%2Fwp%2Fv2%2Fcategories&post=361947"},{"taxonomy":"post_tag","embeddable":true,"href":"https:\/\/analyse.optim.biz\/index.php?rest_route=%2Fwp%2Fv2%2Ftags&post=361947"}],"curies":[{"name":"wp","href":"https:\/\/api.w.org\/{rel}","templated":true}]}}