{"id":361945,"date":"2017-05-21T19:04:00","date_gmt":"2017-05-21T16:04:00","guid":{"rendered":"https:\/\/analyse.optim.biz\/?p=361945"},"modified":"2017-05-21T19:04:00","modified_gmt":"2017-05-21T16:04:00","slug":"adrian-nastase-mesaj-pentru-ministrul-justitiei-ar-trebui-sa-dea-de-indata-raspunsurile-cu-privire-la-arhiva-sipa","status":"publish","type":"post","link":"https:\/\/analyse.optim.biz\/?p=361945","title":{"rendered":"Adrian N\u0103stase, MESAJ pentru Ministrul Justi\u0163iei: &#8220;Ar trebui s\u0103 dea de \u00eendat\u0103 r\u0103spunsurile cu privire la arhiva SIPA&#8221;"},"content":{"rendered":"<div class=\"description\" data-key=\"description\">Fostul premier al Rom\u00e2niei, Adrian N\u0103stase, a declarat duminic\u0103 seara, \u00eentr-o emisiune televizat\u0103, c\u0103 ministrul Justi\u021biei, Tudorel Toader, este cel care ar trebui s\u0103 clarifice &#8220;de \u00eendat\u0103&#8221; \u00eentreb\u0103rile ap\u0103rute \u00een spa\u021biul public cu privire la arhiva SIPA, \u00eentruc\u00e2t de\u021bine controlul asupra acesteia, informeaz\u0103 Agerpres<\/div>\n<div class=\"articleBody\" data-key=\"articleBody\">Fostul premier al Rom\u00e2niei, Adrian N\u0103stase, a declarat duminic\u0103 seara, \u00eentr-o emisiune televizat\u0103, c\u0103 ministrul Justi\u021biei, Tudorel Toader, este cel care ar trebui s\u0103 clarifice &#8220;de \u00eendat\u0103&#8221; \u00eentreb\u0103rile ap\u0103rute \u00een spa\u021biul public cu privire la arhiva SIPA, \u00eentruc\u00e2t de\u021bine controlul asupra acesteia, informeaz\u0103 Agerpres<\/p>\n<p>Invitat la Antena 3, Adrian N\u0103stase a declarat c\u0103 \u00eentreb\u0103rile publice pe care pre\u0219edintele Uniunii Na\u021bionale a Judec\u0103torilor din Rom\u00e2nia (UNJR), Dana G\u00e2rbovan, le-a adresat Monic\u0103i Macovei cu privire la acest subiect sunt &#8220;impecabile&#8221; \u0219i &#8220;absolut corecte&#8221; \u0219i consider\u0103 c\u0103 r\u0103spunsurile vor developa &#8220;mecanismul&#8221; prin care &#8220;fostul procuror&#8221; a construit un sistem &#8220;pentru un anumit control \u00een societate&#8221;.<\/p>\n<p>&#8220;\u00centreb\u0103rile doamnei G\u00e2rbovan cred c\u0103 sunt absolut impecabile \u0219i ele sunt mai cur\u00e2nd retorice. (&#8230;) Este clar c\u0103 Monica Macovei a func\u021bionat ca un instrument politic pentru Traian B\u0103sescu \u00een organizarea unui sistem care era direc\u021bionat \u00eempotriva opozan\u021bilor politici \u0219i pentru un anumit control \u00een societate. (&#8230;) \u00centreb\u0103rile sunt absolut corecte \u0219i ele ne vor ar\u0103ta mecanismul prin care Monica Macovei a construit acest sistem. (&#8230;) Ea a fost instrumentul de la Ministerul Justi\u021biei care a pus \u00een realizare, a pus \u00een aplicare ni\u0219te decizii luate imediat dup\u0103 alegerile din 2004. (&#8230;) R\u0103spunsurile la aceste \u00eentreb\u0103ri nu trebuie s\u0103 le dea Monica Macovei, trebuie s\u0103 le dea, acum \u0219i foarte rapid, noul ministru al Justi\u021biei. (&#8230;) Tudorel Toader ar trebui, de \u00eendat\u0103, s\u0103 dea r\u0103spunsuri la aceste chestiuni. El are responsabilitatea, conform reglement\u0103rilor care au existat \u0219i care \u00een continuare exist\u0103, av\u00e2nd controlul asupra penitenciarelor \u0219i institu\u021biilor care se ocup\u0103, \u0219i are \u00een control aceast\u0103 arhiv\u0103. (&#8230;) Dac\u0103 a\u0219 fi premier, i-a\u0219 cere s\u0103 \u00eemi dea un raport \u00eentr-o s\u0103pt\u0103m\u00e2n\u0103 cu m\u0103surile pe care le va lua&#8221;, a afirmat Adrian N\u0103stase.<\/p>\n<p>Surs\u0103: Agerpres\n<\/p><\/div>\n<p> Source URL: https:\/\/observatornews.ro\/politic\/adrian-nastase-mesaj-pentru-ministrul-justitiei-ar-trebui-sa-dea-de-indata-raspunsurile-cu-privire-la-arhiva-sipa-210685.html<\/p>\n","protected":false},"excerpt":{"rendered":"<p>Fostul premier al Rom\u00e2niei, Adrian N\u0103stase, a declarat duminic\u0103 seara, \u00eentr-o emisiune televizat\u0103, c\u0103 ministrul Justi\u021biei, Tudorel Toader, este cel care ar trebui s\u0103 clarifice &#8220;de \u00eendat\u0103&#8221; \u00eentreb\u0103rile ap\u0103rute \u00een spa\u021biul public cu privire la arhiva SIPA, \u00eentruc\u00e2t de\u021bine controlul asupra acesteia, informeaz\u0103 Agerpres Fostul premier al Rom\u00e2niei, Adrian N\u0103stase, a declarat duminic\u0103 seara, \u00eentr-o [&hellip;]<\/p>\n","protected":false},"author":1,"featured_media":361946,"comment_status":"open","ping_status":"","sticky":false,"template":"","format":"standard","meta":{"footnotes":""},"categories":[2],"tags":[30],"class_list":["post-361945","post","type-post","status-publish","format-standard","has-post-thumbnail","hentry","category-politics","tag-observatornews-ro"],"_links":{"self":[{"href":"https:\/\/analyse.optim.biz\/index.php?rest_route=\/wp\/v2\/posts\/361945","targetHints":{"allow":["GET"]}}],"collection":[{"href":"https:\/\/analyse.optim.biz\/index.php?rest_route=\/wp\/v2\/posts"}],"about":[{"href":"https:\/\/analyse.optim.biz\/index.php?rest_route=\/wp\/v2\/types\/post"}],"author":[{"embeddable":true,"href":"https:\/\/analyse.optim.biz\/index.php?rest_route=\/wp\/v2\/users\/1"}],"replies":[{"embeddable":true,"href":"https:\/\/analyse.optim.biz\/index.php?rest_route=%2Fwp%2Fv2%2Fcomments&post=361945"}],"version-history":[{"count":0,"href":"https:\/\/analyse.optim.biz\/index.php?rest_route=\/wp\/v2\/posts\/361945\/revisions"}],"wp:featuredmedia":[{"embeddable":true,"href":"https:\/\/analyse.optim.biz\/index.php?rest_route=\/wp\/v2\/media\/361946"}],"wp:attachment":[{"href":"https:\/\/analyse.optim.biz\/index.php?rest_route=%2Fwp%2Fv2%2Fmedia&parent=361945"}],"wp:term":[{"taxonomy":"category","embeddable":true,"href":"https:\/\/analyse.optim.biz\/index.php?rest_route=%2Fwp%2Fv2%2Fcategories&post=361945"},{"taxonomy":"post_tag","embeddable":true,"href":"https:\/\/analyse.optim.biz\/index.php?rest_route=%2Fwp%2Fv2%2Ftags&post=361945"}],"curies":[{"name":"wp","href":"https:\/\/api.w.org\/{rel}","templated":true}]}}