{"id":361900,"date":"2017-05-22T11:44:00","date_gmt":"2017-05-22T08:44:00","guid":{"rendered":"https:\/\/analyse.optim.biz\/?p=361900"},"modified":"2017-05-22T11:44:00","modified_gmt":"2017-05-22T08:44:00","slug":"audieri-in-comisia-de-ancheta-a-alegerilor-prezidentiale-din-2009-andronic-mie-nu-mi-s-a-parut-ca-ce-s-a-intamplat-acasa-la-oprea-a-fost-o-ilegalitate","status":"publish","type":"post","link":"https:\/\/analyse.optim.biz\/?p=361900","title":{"rendered":"AUDIERI \u00een comisia de anchet\u0103 a alegerilor preziden\u0163iale din 2009. Andronic: Mie nu mi s-a p\u0103rut c\u0103 ce s-a \u00eent\u00e2mplat acas\u0103 la Oprea a fost o ilegalitate"},"content":{"rendered":"<div class=\"description\" data-key=\"description\">Dan Andronic este audiat, la aceast\u0103 or\u0103, \u00een Parlament. \u00cenainte de intrarea la comisie, jurnalistul a declarat c\u0103 nu a vorbit niciodat\u0103 despre \u201dfraudarea alegerilor\u201d \u0219i c\u0103 \u201daflarea adev\u0103rului la opt ani dup\u0103 alegeri\u201d i se pare un demers \u201dcomplicat\u201d.<\/div>\n<div class=\"articleBody\" data-key=\"articleBody\">UPDATE ora 13:00 &#8211;\u00a0Dan Andronic a declarat, la finalul audierii, c\u0103 a vorbit despre \u00eent\u00e2lnirea de la Gabriel Oprea de acas\u0103 atunci c\u00e2nd i s-a p\u0103rut \u201erelevant\u201d, acesta \u0163in\u00e2nd s\u0103 precizeze c\u0103 nu i se pare c\u0103 persoanele care au participat la acea cin\u0103 au comis vreo ilegalitate.<\/p>\n<p>\u201eM\u0103 suspecteaz\u0103 de faptul c\u0103 nu le spun sursele pe care le am. P\u00e2n\u0103 la urm\u0103, protejarea surselor este obligatorie, am \u00eencercat s\u0103 le spun lucrurile c\u00e2t am putut de clar, f\u0103r\u0103 a devoala identitatea unor oameni care au avut curajul s\u0103 \u00eemi dea anumite informa\u0163ii \u015fi documente, av\u00e2nd certitudinea c\u0103 le voi proteja identitatea\u201d, a afirmat Andronic.<\/p>\n<p>El a sus\u0163inut c\u0103 a vorbit despre \u00eent\u00e2lnirea de la Gabriel Oprea de acas\u0103, \u00een seara alegerilor preziden\u0163iale din 2009, c\u00e2nd i s-a p\u0103rut \u201erelevant\u201d.<\/p>\n<p>\u201eAm spus exact lucrurile c\u00e2nd mi s-au p\u0103rut relevante, c\u00e2nd a fost vorba de un context pe care l-am considerat important pentru opinia public\u0103 \u015fi, repet, vorbim de o ini\u0163iativ\u0103 jurnalistic\u0103. Sunt convins c\u0103 nici domnul Preda (Cezar Preda \u2013 n.r.) nu ne spune toate \u00eent\u00e2lnirile la care a participat, inclusiv cea din noaptea alegerilor. Mie nu mi s-a p\u0103rut c\u0103 ce se \u00eent\u00e2mpl\u0103 acolo este o ilegalitate (&#8230;). Am spus tot ceea ce am putut s\u0103 spun \u015fi ceea ce mi-am adus cu certitudine aminte (&#8230;)\u201d, a subliniat Andronic.<\/p>\n<p>\u015etirea ini\u0163ial\u0103<\/p>\n<p>Dan Andronic este audiat, la aceast\u0103 or\u0103,\u00a0\u00een Parlament. \u00cenainte de intrarea la comisie, jurnalistul a declarat c\u0103 nu a vorbit niciodat\u0103 despre \u201dfraudarea alegerilor\u201d \u0219i c\u0103 \u201daflarea adev\u0103rului la opt ani dup\u0103 alegeri\u201d i se pare un demers \u201dcomplicat\u201d.<\/p>\n<p>Dan Andronic a afirmat, \u00een deschiderea audierilor de la Comisia de anchet\u0103 parlamentar\u0103 privind alegerile preziden\u0163iale din 2009, c\u0103 \u00eei este greu s\u0103 spun\u0103 dac\u0103 se va face sau nu lumin\u0103 pe marginea acestui subiect \u015fi a ad\u0103ugat c\u0103 le va da mai multe am\u0103nunte deputa\u0163ilor \u015fi senatorilor fa\u0163\u0103 de cele sus\u0163inute \u00een spa\u0163iul public.<\/p>\n<p>&#8220;Le spun ce am spus \u00een &#8216;Evenimentul Zilei&#8217;, la Parchet, voi da mult mai multe am\u0103nunte dec\u00e2t cele pe care le-am men\u0163ionat \u00een scris. Nu sunt date noi, e un tablou mult mai complet, povestesc experien\u0163a mea. Mi-e greu s\u0103 v\u0103 spun dac\u0103 poate face lumin\u0103 sau nu. Obiectivul e ambi\u0163ios, la opt ani, nu am vorbit de fraudare alegeri, am vorbit de prezen\u0163a lui Kovesi, care era procuror general, a lui George Maior, Florian Coldea \u00een casa lui Gabriel Oprea&#8221;, a declarat Andronic.<\/p>\n<p>&#8220;V\u0103 readuc aminte c\u0103 e vorba de un context, eu l-am intitulat opera\u0163iunea &#8216;noi suntem statul&#8217;, e vorba de lucruri pe care le-am aflat recent, pe care le-am pus \u00een leg\u0103tur\u0103 cu alte evenimente, \u00eent\u00e2mpl\u0103ri. Nu am \u00eenceput cu aceast\u0103 experien\u0163\u0103 personal\u0103 pentru c\u0103 nu am vrut s\u0103 fie un serial memorialistic, nu m-am g\u00e2ndit niciun moment s\u0103-mi scriu memoriile, ci pur \u015fi simplu s\u0103 \u00eencerc\u0103m, dac\u0103 vre\u0163i, un efort de vidanjare. Voi cere ca audierea s\u0103 fie \u00eenregistrat\u0103, s\u0103-mi fie pus\u0103 la dispozi\u0163ie o \u00eenregistrare, vreau s\u0103 o fac public\u0103, \u00een m\u0103sura \u00een care ancheta parchetului se va termina, ca \u015fi ancheta comisiei. Audierile nu au valoare penal\u0103, ci politic\u0103, peste tot \u00een lume aceste lucruri sunt publice&#8221;, a ad\u0103ugat jurnalistul.<\/p>\n<p>Comisia de anchet\u0103 a alegerilor preziden\u0163iale din 2009 a stabilit s\u0103-i invite la audieri pe Dan Andronic, Ana-Maria P\u0103tru (AEP), Mircea Geoan\u0103, Dan \u015eova, Viorel Hrebenciuc, Vasile Blaga \u015fi Marcel Opri\u015f, a men\u0163ionat pre\u015fedintele acesteia, Mihai Fifor.\n<\/p><\/div>\n<p> Source URL: https:\/\/observatornews.ro\/politic\/dan-andronic-audiat-de-comisia-de-ancheta-a-alegerilor-prezidentiale-din-2009-live-video-din-parlament-210720.html<\/p>\n","protected":false},"excerpt":{"rendered":"<p>Dan Andronic este audiat, la aceast\u0103 or\u0103, \u00een Parlament. \u00cenainte de intrarea la comisie, jurnalistul a declarat c\u0103 nu a vorbit niciodat\u0103 despre \u201dfraudarea alegerilor\u201d \u0219i c\u0103 \u201daflarea adev\u0103rului la opt ani dup\u0103 alegeri\u201d i se pare un demers \u201dcomplicat\u201d. UPDATE ora 13:00 &#8211;\u00a0Dan Andronic a declarat, la finalul audierii, c\u0103 a vorbit despre \u00eent\u00e2lnirea [&hellip;]<\/p>\n","protected":false},"author":1,"featured_media":361901,"comment_status":"open","ping_status":"","sticky":false,"template":"","format":"standard","meta":{"footnotes":""},"categories":[2],"tags":[30],"class_list":["post-361900","post","type-post","status-publish","format-standard","has-post-thumbnail","hentry","category-politics","tag-observatornews-ro"],"_links":{"self":[{"href":"https:\/\/analyse.optim.biz\/index.php?rest_route=\/wp\/v2\/posts\/361900","targetHints":{"allow":["GET"]}}],"collection":[{"href":"https:\/\/analyse.optim.biz\/index.php?rest_route=\/wp\/v2\/posts"}],"about":[{"href":"https:\/\/analyse.optim.biz\/index.php?rest_route=\/wp\/v2\/types\/post"}],"author":[{"embeddable":true,"href":"https:\/\/analyse.optim.biz\/index.php?rest_route=\/wp\/v2\/users\/1"}],"replies":[{"embeddable":true,"href":"https:\/\/analyse.optim.biz\/index.php?rest_route=%2Fwp%2Fv2%2Fcomments&post=361900"}],"version-history":[{"count":0,"href":"https:\/\/analyse.optim.biz\/index.php?rest_route=\/wp\/v2\/posts\/361900\/revisions"}],"wp:featuredmedia":[{"embeddable":true,"href":"https:\/\/analyse.optim.biz\/index.php?rest_route=\/wp\/v2\/media\/361901"}],"wp:attachment":[{"href":"https:\/\/analyse.optim.biz\/index.php?rest_route=%2Fwp%2Fv2%2Fmedia&parent=361900"}],"wp:term":[{"taxonomy":"category","embeddable":true,"href":"https:\/\/analyse.optim.biz\/index.php?rest_route=%2Fwp%2Fv2%2Fcategories&post=361900"},{"taxonomy":"post_tag","embeddable":true,"href":"https:\/\/analyse.optim.biz\/index.php?rest_route=%2Fwp%2Fv2%2Ftags&post=361900"}],"curies":[{"name":"wp","href":"https:\/\/api.w.org\/{rel}","templated":true}]}}