{"id":361898,"date":"2017-05-22T12:27:00","date_gmt":"2017-05-22T09:27:00","guid":{"rendered":"https:\/\/analyse.optim.biz\/?p=361898"},"modified":"2017-05-22T12:27:00","modified_gmt":"2017-05-22T09:27:00","slug":"breaking-news-avem-primele-imagini-cu-sebastian-ghita-din-timpul-audierilor-video","status":"publish","type":"post","link":"https:\/\/analyse.optim.biz\/?p=361898","title":{"rendered":"BREAKING NEWS. Avem PRIMELE IMAGINI cu Sebastian Ghi\u0163\u0103 din timpul audierilor! (VIDEO)"},"content":{"rendered":"<div class=\"description\" data-key=\"description\">V\u0103 prezent\u0103m, \u00een exclusivitate, primele imagini cu Sebastian Ghi\u0163\u0103 surprinse \u00een\u00a0timpul audierilor care au loc, prin videoconferin\u0163\u0103, \u00een \u015fedin\u0163\u0103 secret\u0103, la \u00cenalta Curte de Casa\u0163ie \u015fi Justi\u0163ie.<\/div>\n<div class=\"articleBody\" data-key=\"articleBody\">V\u0103 prezent\u0103m, \u00een exclusivitate, primele imagini cu Sebastian Ghi\u0163\u0103 surprinse \u00een\u00a0timpul audierilor care au loc, prin videoconferin\u0163\u0103, \u00een \u015fedin\u0163\u0103 secret\u0103, la \u00cenalta Curte de Casa\u0163ie \u015fi Justi\u0163ie.<\/p>\n<p>\u00cen \u00eenregistrarea video amator, Sebastian Ghi\u0163\u0103 apare pe ecranul prin intermediul c\u0103reia a avut loc videoconferin\u0163a de la Belgrad. Fostul deputat poart\u0103 haine de culoare \u00eenchis\u0103 \u015fi pare a fi foarte sl\u0103bit. Sebastian Ghi\u0163\u0103 st\u0103 pe o canapea, iar \u00een spatele s\u0103u pare a fi un poli\u0163ist s\u00e2rb, care-l supravegheaz\u0103.<\/p>\n<p>Filmule\u0163ul amator dureaz\u0103 doar c\u00e2teva secunde.<\/p>\n<p>GALERIE FOTO, VIDEO: Primele imagini cu Sebastian Ghi\u0163\u0103, dup\u0103 arestarea \u00een Serbia<\/p>\n<p>Ghi\u0163\u0103 se afl\u0103 \u00een arest preventiv la Belgrad \u015fi a intrat \u00een direct cu autorit\u0103\u0163ile din Rom\u00e2nia, fiind audiat \u00een dosarul privind vizita fostului premier britanic Tony Blair \u00een Rom\u00e2nia.<\/p>\n<p>Vineri, omul de afaceri a declarat, la Belgrad, unde a fost audiat ca urmare a cererii de extr\u0103dare formulat\u0103 de autorit\u0103\u0163ile rom\u00e2ne, c\u0103 se opune extr\u0103d\u0103rii, invoc\u00e2nd persecu\u0163ii politice.<\/p>\n<p>Avocatul s\u0103u a solicitat ca, \u00een cazul lui Sebastian Ghi\u0163\u0103, m\u0103sura deten\u0163iei s\u0103 fie \u00eenlocuit\u0103 cu arestul la domiciliu, urm\u00e2nd ca instan\u0163a s\u0103 decid\u0103 \u00een leg\u0103tur\u0103 cu acest subiect.<\/p>\n<p>Audierea lui Ghi\u0163\u0103, adus de la \u00eenchisoarea districtual\u0103 din Belgrad, a fost \u00a0f\u0103cut\u0103 de un judec\u0103tor de camer\u0103 preliminar\u0103, \u00een baza Legii cu privire la asisten\u0163a juridic\u0103 interna\u0163ional\u0103 \u00een materie penal\u0103.\u00a0<\/p>\n<p>Fostul deputat Sebastian Ghi\u0163\u0103 a fost localizat \u015fi re\u0163inut la Belgrad \u00een noaptea de 13 spre 14 aprilie. Ghi\u0163\u0103 avea permis de conducere \u015fi buletin de Slovenia \u015fi era \u00eempreun\u0103 cu fratele s\u0103u \u00een momentul captur\u0103rii.<\/p>\n<p>\u00cen 27 aprilie, ministrul Justi\u0163iei Tudorel Toader anun\u0163a c\u0103 autorit\u0103\u0163ile rom\u00e2ne au transmis la Belgrad toate documentele pentru extr\u0103darea lui Sebastian Ghi\u0163\u0103.<\/p>\n<p>Curtea Suprem\u0103 din Belgrad a prelungit, la solicitarea Rom\u00e2niei, termenul de 18 de zile pentru transmiterea cererii de extr\u0103dare \u00een cazul lui Sebastian Ghi\u0163\u0103. Purt\u0103toarea de cuv\u00e2nt a Cur\u0163ii, Bojana Stankovic, a declarat pentru Tanjug c\u0103, \u00een cadrul procedurilor preliminare, termenul de deten\u0163ie poate fi prelungit p\u00e2n\u0103 la 40 de zile. \u00cen cazul lui Ghi\u0163\u0103, imediat dup\u0103 re\u0163inere, au fost formulate dou\u0103 decizii ale instan\u0163elor: una privind re\u0163inerea sa pentru o perioad\u0103 de dou\u0103 luni \u015fi o alta privind re\u0163inerea sa pentru 18 zile.<\/p>\n<p>Miercuri,\u00a0Sebastian Ghi\u0163\u0103 a intrat \u00een direct cu autorit\u0103\u0163ile judiciare din Rom\u00e2nia, \u00eentr-o videoconferin\u0163\u0103, \u00een cadrul unei \u015fedin\u0163e secrete care a avut loc la \u00cenalta Curte de Casa\u0163ie \u015fi Justi\u0163ie.\u00a0El ar fi trebuit s\u0103 r\u0103spund\u0103 \u00eentreb\u0103rilor \u00een cadrul \u015fedin\u0163ei de judecat\u0103 \u00een dosarul privind vizita fostului premier britanic Tony Blair \u00een Rom\u00e2nia, \u00een care este urm\u0103rit penal \u015fi fostul premier Victor Ponta.\u00a0Sebastian Ghi\u0163\u0103 nu a dat \u00eens\u0103 nicio declara\u0163ie, invoc\u00e2nd c\u0103 nu este asistat \u00een Serbia de c\u0103tre avocatul ales de el.\u00a0<\/p>\n<p>Pe numele lui Sebastian Ghi\u0163\u0103 exist\u0103 dou\u0103 mandate de arestare \u00een lips\u0103, el av\u00e2nd cinci dosare penale \u00een Rom\u00e2nia.\n<\/p><\/div>\n<p> Source URL: https:\/\/observatornews.ro\/politic\/exclusiv-avem-primele-imagini-cu-sebastian-ghita-din-timpul-audierilor-video-210762.html<\/p>\n","protected":false},"excerpt":{"rendered":"<p>V\u0103 prezent\u0103m, \u00een exclusivitate, primele imagini cu Sebastian Ghi\u0163\u0103 surprinse \u00een\u00a0timpul audierilor care au loc, prin videoconferin\u0163\u0103, \u00een \u015fedin\u0163\u0103 secret\u0103, la \u00cenalta Curte de Casa\u0163ie \u015fi Justi\u0163ie. V\u0103 prezent\u0103m, \u00een exclusivitate, primele imagini cu Sebastian Ghi\u0163\u0103 surprinse \u00een\u00a0timpul audierilor care au loc, prin videoconferin\u0163\u0103, \u00een \u015fedin\u0163\u0103 secret\u0103, la \u00cenalta Curte de Casa\u0163ie \u015fi Justi\u0163ie. \u00cen [&hellip;]<\/p>\n","protected":false},"author":1,"featured_media":361899,"comment_status":"open","ping_status":"","sticky":false,"template":"","format":"standard","meta":{"footnotes":""},"categories":[2],"tags":[30],"class_list":["post-361898","post","type-post","status-publish","format-standard","has-post-thumbnail","hentry","category-politics","tag-observatornews-ro"],"_links":{"self":[{"href":"https:\/\/analyse.optim.biz\/index.php?rest_route=\/wp\/v2\/posts\/361898","targetHints":{"allow":["GET"]}}],"collection":[{"href":"https:\/\/analyse.optim.biz\/index.php?rest_route=\/wp\/v2\/posts"}],"about":[{"href":"https:\/\/analyse.optim.biz\/index.php?rest_route=\/wp\/v2\/types\/post"}],"author":[{"embeddable":true,"href":"https:\/\/analyse.optim.biz\/index.php?rest_route=\/wp\/v2\/users\/1"}],"replies":[{"embeddable":true,"href":"https:\/\/analyse.optim.biz\/index.php?rest_route=%2Fwp%2Fv2%2Fcomments&post=361898"}],"version-history":[{"count":0,"href":"https:\/\/analyse.optim.biz\/index.php?rest_route=\/wp\/v2\/posts\/361898\/revisions"}],"wp:featuredmedia":[{"embeddable":true,"href":"https:\/\/analyse.optim.biz\/index.php?rest_route=\/wp\/v2\/media\/361899"}],"wp:attachment":[{"href":"https:\/\/analyse.optim.biz\/index.php?rest_route=%2Fwp%2Fv2%2Fmedia&parent=361898"}],"wp:term":[{"taxonomy":"category","embeddable":true,"href":"https:\/\/analyse.optim.biz\/index.php?rest_route=%2Fwp%2Fv2%2Fcategories&post=361898"},{"taxonomy":"post_tag","embeddable":true,"href":"https:\/\/analyse.optim.biz\/index.php?rest_route=%2Fwp%2Fv2%2Ftags&post=361898"}],"curies":[{"name":"wp","href":"https:\/\/api.w.org\/{rel}","templated":true}]}}