{"id":361896,"date":"2017-05-22T12:34:00","date_gmt":"2017-05-22T09:34:00","guid":{"rendered":"https:\/\/analyse.optim.biz\/?p=361896"},"modified":"2017-05-22T12:34:00","modified_gmt":"2017-05-22T09:34:00","slug":"mihai-gotiu-despre-declaratiile-lui-andronic-la-audierile-privind-alegerile-prezidentiale-din-2009-nu-m-a-convins-deloc-ca-ceea-ce-spune-este-si-adevarat","status":"publish","type":"post","link":"https:\/\/analyse.optim.biz\/?p=361896","title":{"rendered":"Mihai Go\u0163iu, despre declara\u0163iile lui Andronic la audierile privind alegerile preziden\u0163iale din 2009: &#8220;NU M-A CONVINS DELOC c\u0103 ceea ce spune este \u0219i adev\u0103rat&#8221;"},"content":{"rendered":"<div class=\"description\" data-key=\"description\">Senatorul USR Mihai Go\u021biu a declarat luni c\u0103 nu este deloc convins c\u0103 \u00eent\u00e2lnirea din noaptea alegerilor de acas\u0103 de la Gabriel Oprea ar fi avut loc, a\u0219a cum a sus\u021binut jurnalistul Dan Andronic, scrie Agerpres<\/div>\n<div class=\"articleBody\" data-key=\"articleBody\">Senatorul USR Mihai Go\u021biu a declarat luni c\u0103 nu este deloc convins c\u0103 \u00eent\u00e2lnirea din noaptea alegerilor de acas\u0103 de la Gabriel Oprea ar fi avut loc, a\u0219a cum a sus\u021binut jurnalistul Dan Andronic, scrie Agerpres<\/p>\n<p>&#8220;Domnul Andronic nu m-a convins deloc c\u0103 ceea ce spune este \u0219i adev\u0103rat&#8221;, a declarat Go\u021biu la finalul audierilor Comisiei parlamentare de anchet\u0103 privind alegerile preziden\u021biale din 2009.<\/p>\n<p>\u00centrebat dac\u0103 nu crede c\u0103 Laura Codru\u021ba Kovesi, George Maior sau Florian Coldea au fost \u00een noaptea alegerilor acas\u0103 la generalul Gabriel Oprea, Go\u021biu a spus: &#8220;Deocamdat\u0103, pe baza a ceea ce a declarat domnul Andronic, nu am aceast\u0103 convingere. Lumin\u0103 sper s\u0103 fac\u0103 \u0219i ancheta judiciar\u0103 care este \u00een derulare \u0219i de acolo a\u0219tept mai multe informa\u021bii dec\u00e2t atitudinea cu care a venit ast\u0103zi domnul Andronic \u00een comisie&#8221;.<\/p>\n<p>Potrivit acestuia, aceast\u0103 prim\u0103 parte a audierilor &#8220;a fost destul de distractiv\u0103&#8221;.<\/p>\n<p>&#8220;Adic\u0103 am aflat ca informa\u021biile cele mai interesante au fost spuse \u00een glum\u0103 \u2014 c\u0103 a fost vorba de celul\u0103 de criz\u0103, dar fiecare a discutat cu fiecare, dup\u0103 care au plecat. \u0218i cel mai interesant e faptul c\u0103 am aflat sau n-am aflat de ce timp de opt ani, dup\u0103 ce domnul Andronic a \u00eenceput s\u0103 lucreze iar \u00een pres\u0103, nu a prezentat aceste informa\u021bii publicului. Din punctul meu de vedere am aflat foarte pu\u021bin \u0219i foarte pu\u021bin conving\u0103tor de ce at\u00e2ta timp aceste informa\u021bii nu au fost f\u0103cute publice de c\u0103tre un jurnalist care prin codul lui deontologic cred c\u0103 ar fi putut s\u0103 le fac\u0103 publice mult mai repede. (&#8230;) Sper ca audierile viitoare s\u0103 ne prezinte am\u0103nunte mult mai relevante&#8221;, a conchis senatorul PNL.<\/p>\n<p>Surs\u0103: Agerpres\n<\/p><\/div>\n<p> Source URL: https:\/\/observatornews.ro\/politic\/mihai-goiu-despre-declaratiile-lui-andronic-la-audierile-privind-alegerile-prezidentiale-din-2009-nu-ma-convins-deloc-ca-ceea-ce-spune-este-si-adevarat-210763.html<\/p>\n","protected":false},"excerpt":{"rendered":"<p>Senatorul USR Mihai Go\u021biu a declarat luni c\u0103 nu este deloc convins c\u0103 \u00eent\u00e2lnirea din noaptea alegerilor de acas\u0103 de la Gabriel Oprea ar fi avut loc, a\u0219a cum a sus\u021binut jurnalistul Dan Andronic, scrie Agerpres Senatorul USR Mihai Go\u021biu a declarat luni c\u0103 nu este deloc convins c\u0103 \u00eent\u00e2lnirea din noaptea alegerilor de acas\u0103 [&hellip;]<\/p>\n","protected":false},"author":1,"featured_media":361897,"comment_status":"open","ping_status":"","sticky":false,"template":"","format":"standard","meta":{"footnotes":""},"categories":[2],"tags":[30],"class_list":["post-361896","post","type-post","status-publish","format-standard","has-post-thumbnail","hentry","category-politics","tag-observatornews-ro"],"_links":{"self":[{"href":"https:\/\/analyse.optim.biz\/index.php?rest_route=\/wp\/v2\/posts\/361896","targetHints":{"allow":["GET"]}}],"collection":[{"href":"https:\/\/analyse.optim.biz\/index.php?rest_route=\/wp\/v2\/posts"}],"about":[{"href":"https:\/\/analyse.optim.biz\/index.php?rest_route=\/wp\/v2\/types\/post"}],"author":[{"embeddable":true,"href":"https:\/\/analyse.optim.biz\/index.php?rest_route=\/wp\/v2\/users\/1"}],"replies":[{"embeddable":true,"href":"https:\/\/analyse.optim.biz\/index.php?rest_route=%2Fwp%2Fv2%2Fcomments&post=361896"}],"version-history":[{"count":0,"href":"https:\/\/analyse.optim.biz\/index.php?rest_route=\/wp\/v2\/posts\/361896\/revisions"}],"wp:featuredmedia":[{"embeddable":true,"href":"https:\/\/analyse.optim.biz\/index.php?rest_route=\/wp\/v2\/media\/361897"}],"wp:attachment":[{"href":"https:\/\/analyse.optim.biz\/index.php?rest_route=%2Fwp%2Fv2%2Fmedia&parent=361896"}],"wp:term":[{"taxonomy":"category","embeddable":true,"href":"https:\/\/analyse.optim.biz\/index.php?rest_route=%2Fwp%2Fv2%2Fcategories&post=361896"},{"taxonomy":"post_tag","embeddable":true,"href":"https:\/\/analyse.optim.biz\/index.php?rest_route=%2Fwp%2Fv2%2Ftags&post=361896"}],"curies":[{"name":"wp","href":"https:\/\/api.w.org\/{rel}","templated":true}]}}