{"id":361894,"date":"2017-05-22T16:27:59","date_gmt":"2017-05-22T13:27:59","guid":{"rendered":"https:\/\/analyse.optim.biz\/?p=361894"},"modified":"2017-05-22T16:27:59","modified_gmt":"2017-05-22T13:27:59","slug":"sebastian-ghita-audiat-de-judecatorii-romani-prin-videoconferinta-primele-imagini-cu-fostul-deputat-dupa-arestare","status":"publish","type":"post","link":"https:\/\/analyse.optim.biz\/?p=361894","title":{"rendered":"Sebastian Ghi\u0163\u0103, audiat de judec\u0103torii rom\u00e2ni prin videoconferin\u0163\u0103. Primele imagini cu fostul deputat dup\u0103 arestare"},"content":{"rendered":"<div class=\"description\" data-key=\"description\">\u00cenc\u0103 o zi, \u00eenc\u0103 o audiere pentru Sebastian Ghi\u0163\u0103. De acest\u0103 dat\u0103, judec\u0103torii rom\u00e2ni au fost cei care au discutat cu afaceristul fugar, arestat la mai bine de 500 de kilometri distan\u0163\u0103, \u00een centrul Belgradului. Apari\u0163ia lui a fost \u00eens\u0103 uimitoare. \u00cembr\u0103cat \u00een negru \u015fi mult mai slab, a dat explica\u0163ii \u00een dosarul \u00een care este acuzat de sp\u0103lare de bani.<\/div>\n<div class=\"articleBody\" data-key=\"articleBody\">\u00cenc\u0103 o zi, \u00eenc\u0103 o audiere pentru Sebastian Ghi\u0163\u0103. De acest\u0103 dat\u0103, judec\u0103torii rom\u00e2ni au fost cei care au discutat cu afaceristul fugar, arestat la mai bine de 500 de kilometri distan\u0163\u0103, \u00een centrul Belgradului. Apari\u0163ia lui a fost \u00eens\u0103 uimitoare. \u00cembr\u0103cat \u00een negru \u015fi mult mai slab, a dat explica\u0163ii \u00een dosarul \u00een care este acuzat de sp\u0103lare de bani.<\/p>\n<p>Arestul nu \u00eei prie\u015fte lui Sebastian Ghi\u0163\u0103. Omul de afaceri a suferit, din nou, transform\u0103ri radicale.<\/p>\n<p>Judec\u0103torii Cur\u0163ii Supreme l-au audiat prin videoconferin\u0163\u0103 \u015fi au v\u0103zut c\u0103 fostul politician a pierdut c\u00e2teva kilograme dup\u0103 o lun\u0103 \u00een spatele gratiilor. A ap\u0103rut tras la fa\u0163\u0103, cu p\u0103rul crescut \u015fi f\u0103r\u0103 barba pe care o avea la momentul captur\u0103rii sale \u00een Serbia.\u00a0<\/p>\n<p>Explica\u0163iile lui au fost date \u00een secret, \u00een dosarul privind vizita fostului premier britanic Tony Blair \u00een Rom\u00e2nia, \u00een care este urm\u0103rit penal \u015fi fostul premier Victor Ponta. \u015eedin\u0163a de judecat\u0103 a fost \u0163inut\u0103 cu u\u015file \u00eenchise. Iar la final, \u015fi avoca\u0163ii au fost zg\u0103rci\u0163i cu detaliile.\u00a0<\/p>\n<p>\u00cenc\u0103 o videoconferi\u0163\u0103, de aceast\u0103 dat\u0103 public\u0103, va avea loc s\u0103pt\u0103m\u00e2na viitoare, \u00een dosarul \u00een care este inclupat al\u0103turi de fostul primar din Ploie\u015fti.<\/p>\n<p>Audierile se \u0163in lan\u0163 pentru Sebastian Ghi\u0163\u0103. S\u0103pt\u0103m\u00e2na trecut\u0103 judec\u0103torii de la Belgrad i-au ascultat punctul de vedere \u00een dosarul extr\u0103d\u0103rii.\u00a0<\/p>\n<p>Judec\u0103torul s\u00e2rb va hot\u0103r\u00ee dac\u0103 sunt sau nu \u00eentrunite condi\u0163iile extr\u0103d\u0103rii. Va \u0163ine cont \u015fi cele dou\u0103 mandate de arestare preventiv\u0103 \u00een lips\u0103 emise pe numele lui precum \u015fi faptul c\u0103 este cercetat \u00een cinci dosare penale.<\/p>\n<p>Apoi, un complet de trei judec\u0103tori va lua o decizie \u015fi, \u00een final, ministrul de justi\u0163ie s\u00e2rb va hot\u0103r\u00ee dac\u0103 \u00eel trimite acas\u0103 pe Ghi\u0163\u0103.\n<\/p><\/div>\n<p> Source URL: https:\/\/observatornews.ro\/politic\/sebastian-ghita-slabit-si-aproape-de-nerecunoscut-afacerisatul-da-explicatii-magistratilor-210807.html<\/p>\n","protected":false},"excerpt":{"rendered":"<p>\u00cenc\u0103 o zi, \u00eenc\u0103 o audiere pentru Sebastian Ghi\u0163\u0103. De acest\u0103 dat\u0103, judec\u0103torii rom\u00e2ni au fost cei care au discutat cu afaceristul fugar, arestat la mai bine de 500 de kilometri distan\u0163\u0103, \u00een centrul Belgradului. Apari\u0163ia lui a fost \u00eens\u0103 uimitoare. \u00cembr\u0103cat \u00een negru \u015fi mult mai slab, a dat explica\u0163ii \u00een dosarul \u00een care [&hellip;]<\/p>\n","protected":false},"author":1,"featured_media":361895,"comment_status":"open","ping_status":"","sticky":false,"template":"","format":"standard","meta":{"footnotes":""},"categories":[2],"tags":[30],"class_list":["post-361894","post","type-post","status-publish","format-standard","has-post-thumbnail","hentry","category-politics","tag-observatornews-ro"],"_links":{"self":[{"href":"https:\/\/analyse.optim.biz\/index.php?rest_route=\/wp\/v2\/posts\/361894","targetHints":{"allow":["GET"]}}],"collection":[{"href":"https:\/\/analyse.optim.biz\/index.php?rest_route=\/wp\/v2\/posts"}],"about":[{"href":"https:\/\/analyse.optim.biz\/index.php?rest_route=\/wp\/v2\/types\/post"}],"author":[{"embeddable":true,"href":"https:\/\/analyse.optim.biz\/index.php?rest_route=\/wp\/v2\/users\/1"}],"replies":[{"embeddable":true,"href":"https:\/\/analyse.optim.biz\/index.php?rest_route=%2Fwp%2Fv2%2Fcomments&post=361894"}],"version-history":[{"count":0,"href":"https:\/\/analyse.optim.biz\/index.php?rest_route=\/wp\/v2\/posts\/361894\/revisions"}],"wp:featuredmedia":[{"embeddable":true,"href":"https:\/\/analyse.optim.biz\/index.php?rest_route=\/wp\/v2\/media\/361895"}],"wp:attachment":[{"href":"https:\/\/analyse.optim.biz\/index.php?rest_route=%2Fwp%2Fv2%2Fmedia&parent=361894"}],"wp:term":[{"taxonomy":"category","embeddable":true,"href":"https:\/\/analyse.optim.biz\/index.php?rest_route=%2Fwp%2Fv2%2Fcategories&post=361894"},{"taxonomy":"post_tag","embeddable":true,"href":"https:\/\/analyse.optim.biz\/index.php?rest_route=%2Fwp%2Fv2%2Ftags&post=361894"}],"curies":[{"name":"wp","href":"https:\/\/api.w.org\/{rel}","templated":true}]}}