{"id":361788,"date":"2017-05-25T12:19:00","date_gmt":"2017-05-25T09:19:00","guid":{"rendered":"https:\/\/analyse.optim.biz\/?p=361788"},"modified":"2017-05-25T12:19:00","modified_gmt":"2017-05-25T09:19:00","slug":"premierul-grindeanu-despre-proiectul-pe-codurile-penale-intra-in-sedinta-de-guvern-daca-are-toate-avizele-de-dimineata-lipseau","status":"publish","type":"post","link":"https:\/\/analyse.optim.biz\/?p=361788","title":{"rendered":"Premierul Grindeanu despre proiectul pe Codurile penale: &#8220;Intr\u0103 \u00een \u015fedin\u0163a de guvern dac\u0103 are toate avizele, de diminea\u0163\u0103 lipseau&#8221;"},"content":{"rendered":"<div class=\"description\" data-key=\"description\">Premierul Sorin Grindeanu a afirmat joi, la Parlament, c\u0103 proiectul de modificare a Codurilor penale va intra \u00een \u015fedin\u0163a de Guvern din aceast\u0103 dup\u0103-amiaz\u0103 doar dac\u0103 va avea toate avizele necesare, \u00een condi\u0163iile \u00een care, de diminea\u0163a, lipseau c\u00e2teva.<\/div>\n<div class=\"articleBody\" data-key=\"articleBody\">Premierul Sorin Grindeanu a afirmat joi, la Parlament, c\u0103 proiectul de modificare a Codurilor penale va intra \u00een \u015fedin\u0163a de Guvern din aceast\u0103 dup\u0103-amiaz\u0103 doar dac\u0103 va avea toate avizele necesare, \u00een condi\u0163iile \u00een care, de diminea\u0163a, lipseau c\u00e2teva.<\/p>\n<p>\u00centrebat dac\u0103 va intra \u00een \u015fedin\u0163a de Guvern din aceast\u0103 dup\u0103-amiaz\u0103 proiectul de modificare a Codurilor penale, premierul a spus c\u0103 este nevoie ca actul normativ s\u0103 aib\u0103 toate avizele.<\/p>\n<p>\u201eDac\u0103 are toate avizele necesare, da. Din ce \u015ftiu, azi de diminea\u0163\u0103 lipseau c\u00e2teva avize, lipsind, \u00eenseamn\u0103 c\u0103 vor intra \u00een perioada imediat urm\u0103toare\u201d, a r\u0103spuns Sorin Grindeanu.<\/p>\n<p>Premierul Sorin Grindeanu a declarat, miercuri, c\u0103 proiectul de modificare a Codului penal \u015fi a Codului de procedur\u0103 penal\u0103 a parcurs toate etapele, \u00een mod transparent, \u00eens\u0103 nu \u015ftie dac\u0103 este pe ordinea de zi a \u015fedin\u0163ei de Guvern de joi.<\/p>\n<p>\u201dNu \u015ftiu dac\u0103 e m\u00e2ine (joi &#8211; n.r.) pe ordinea de zi, dar \u015ftiu c\u0103 a parcurs toate aceste etape. A fost dezbatere public\u0103, 30 de zile, a stat pe site, s-a luat punctul de vedere al CSM, al DNA, al DIICOT, al Ministerului Public, ale asocia\u0163iilor sau uniunilor judec\u0103torilor din Rom\u00e2nia. Deci, a parcurs toate aceste etape\u201d, a precizat premierul.<\/p>\n<p>Sursa: News.ro\n<\/p><\/div>\n<p> Source URL: https:\/\/observatornews.ro\/politic\/premierul-grindeanu-despre-proiectul-pe-codurile-penale-intra-in-sedinta-de-guvern-daca-are-toate-avizele-de-dimineata-lipseau-211178.html<\/p>\n","protected":false},"excerpt":{"rendered":"<p>Premierul Sorin Grindeanu a afirmat joi, la Parlament, c\u0103 proiectul de modificare a Codurilor penale va intra \u00een \u015fedin\u0163a de Guvern din aceast\u0103 dup\u0103-amiaz\u0103 doar dac\u0103 va avea toate avizele necesare, \u00een condi\u0163iile \u00een care, de diminea\u0163a, lipseau c\u00e2teva. Premierul Sorin Grindeanu a afirmat joi, la Parlament, c\u0103 proiectul de modificare a Codurilor penale va [&hellip;]<\/p>\n","protected":false},"author":1,"featured_media":0,"comment_status":"open","ping_status":"","sticky":false,"template":"","format":"standard","meta":{"footnotes":""},"categories":[2],"tags":[30],"class_list":["post-361788","post","type-post","status-publish","format-standard","hentry","category-politics","tag-observatornews-ro"],"_links":{"self":[{"href":"https:\/\/analyse.optim.biz\/index.php?rest_route=\/wp\/v2\/posts\/361788","targetHints":{"allow":["GET"]}}],"collection":[{"href":"https:\/\/analyse.optim.biz\/index.php?rest_route=\/wp\/v2\/posts"}],"about":[{"href":"https:\/\/analyse.optim.biz\/index.php?rest_route=\/wp\/v2\/types\/post"}],"author":[{"embeddable":true,"href":"https:\/\/analyse.optim.biz\/index.php?rest_route=\/wp\/v2\/users\/1"}],"replies":[{"embeddable":true,"href":"https:\/\/analyse.optim.biz\/index.php?rest_route=%2Fwp%2Fv2%2Fcomments&post=361788"}],"version-history":[{"count":0,"href":"https:\/\/analyse.optim.biz\/index.php?rest_route=\/wp\/v2\/posts\/361788\/revisions"}],"wp:attachment":[{"href":"https:\/\/analyse.optim.biz\/index.php?rest_route=%2Fwp%2Fv2%2Fmedia&parent=361788"}],"wp:term":[{"taxonomy":"category","embeddable":true,"href":"https:\/\/analyse.optim.biz\/index.php?rest_route=%2Fwp%2Fv2%2Fcategories&post=361788"},{"taxonomy":"post_tag","embeddable":true,"href":"https:\/\/analyse.optim.biz\/index.php?rest_route=%2Fwp%2Fv2%2Ftags&post=361788"}],"curies":[{"name":"wp","href":"https:\/\/api.w.org\/{rel}","templated":true}]}}