{"id":361787,"date":"2017-05-25T13:24:00","date_gmt":"2017-05-25T10:24:00","guid":{"rendered":"https:\/\/analyse.optim.biz\/?p=361787"},"modified":"2017-05-25T13:24:00","modified_gmt":"2017-05-25T10:24:00","slug":"presedintele-iohannis-la-summitul-nato-e-o-abordare-buna-sa-ne-focusam-mai-mult-pe-lupta-contra-terorismului","status":"publish","type":"post","link":"https:\/\/analyse.optim.biz\/?p=361787","title":{"rendered":"Pre\u015fedintele Iohannis, la summitul NATO: &#8220;E o abordare bun\u0103, s\u0103 ne focus\u0103m mai mult pe lupta contra terorismului&#8221;"},"content":{"rendered":"<div class=\"description\" data-key=\"description\">Pre\u015fedintele Klaus Iohannis a declarat, joi, la Bruxelles, \u00eenaintea reuniunii NATO, c\u0103 este o &#8220;abordare bun\u0103&#8221; ca Alian\u0163a s\u0103 se concentreze mai mult pe lupta \u00eempotriva terorismului, f\u0103r\u0103 ca acest lucru s\u0103 afecteze proiectele din Flancul estic al NATO. \u015eeful statului a spus c\u0103, pentru Rom\u00e2nia, prioritare sunt rela\u0163ia cu SUA \u015fi consolidarea Flancului estic \u015fi a zonei M\u0103rii Negre.<\/div>\n<div class=\"articleBody\" data-key=\"articleBody\">Pre\u015fedintele Klaus Iohannis a declarat, joi, la Bruxelles, \u00eenaintea reuniunii NATO, c\u0103 este o &#8220;abordare bun\u0103&#8221; ca Alian\u0163a s\u0103 se concentreze mai mult pe lupta \u00eempotriva terorismului, f\u0103r\u0103 ca acest lucru s\u0103 afecteze proiectele din Flancul estic al NATO. \u015eeful statului a spus c\u0103, pentru Rom\u00e2nia, prioritare sunt rela\u0163ia cu SUA \u015fi consolidarea Flancului estic \u015fi a zonei M\u0103rii Negre.<\/p>\n<p>&#8220;Este general acceptat c\u0103 ne dorim o Alian\u0163\u0103 puternic\u0103, coeziv\u0103, care merge \u00eenainte. Vrem o \u00eent\u0103rire a rela\u0163iei transatlantice, rela\u0163iei \u00eentre SUA \u015fi Europa, trebuie s\u0103 fie o rela\u0163ie foarte foarte puternic\u0103. Dac\u0103 ne apropiem un pic de zona noastr\u0103, atunci e clar c\u0103 ne dorim un flanc estic bine consolidat. Dorim \u00eens\u0103 ca acest flanc estic s\u0103 fie consolidat \u00eentr-un mod echilibrat&#8221;, a spus pre\u015fedintele, la sosirea la noul sediu al NATO de la Bruxelles.<\/p>\n<p>El a afirmat c\u0103 ideea privind consolidarea echilibrat\u0103 a flancului estic, pe axa nord-sud, a fost preluat\u0103 \u015fi sus\u0163in\u0103 de c\u0103tre alia\u0163i \u015fi acum se lucreaz\u0103 la un concept care va duce la aceast\u0103 echilibrare.<\/p>\n<p>&#8220;Marea Neagr\u0103 \u015fi zona M\u0103rii Negre s\u0103 r\u0103m\u00e2n\u0103 \u00een centrul aten\u0163iei, \u015fi dac\u0103 vorbim de flancul estic este clar c\u0103 trebuie s\u0103 vorbim \u015fi despre Rusia, \u015fi aici lucrurile sunt foarte clare: noi ne dorim s\u0103 avem o abordare unitar\u0103, nu \u00eempotriva Rusiei, nu pentru Rusia, ci unitar\u0103 c\u00e2nd vine vorba despre Rusia&#8221;, a precizat pre\u015fedintele.<\/p>\n<p>\u00centrebat dac\u0103 discu\u0163iile privind intrarea NATO \u00een coali\u0163ia \u00eempotriva ISIL\/Daesh nu va avea consecin\u0163e asupra planurilor Alian\u0163ei din flancul estic, mut\u00e2nd resurse, Iohannis a spus c\u0103 nu este aceasta o problem\u0103, fiindc\u0103 proiectele sunt complementare.<\/p>\n<p>&#8220;Eu cred c\u0103 este o abordare bun\u0103, s\u0103 ne focus\u0103m mai mult pe combaterea terorismului, \u015fi nu cred c\u0103 va trage resurse din alte programe. Lucrurile sunt complementare \u015fi ultima etap\u0103 la care s-a ajuns dup\u0103 negocieri pe cum s\u0103 se pozi\u0163ioneze NATO pe terorism arat\u0103 c\u0103 este o abordare pe care toat\u0103 lumea \u015fi-o dore\u015fte, \u015fi finan\u0163area va veni pe proiecte concrete&#8221;, a spus pre\u015fedintele.<\/p>\n<p>Pre\u015fedintele Klaus Iohannis se afl\u0103, joi, la Bruxelles, pentru reuniunea \u015fefilor de stat \u015fi de guvern ai NATO, unde va fi inaugurat \u015fi noul sediu al Alian\u0163ei \u015fi se va face o analiz\u0103 a implement\u0103rii deciziilor din 2016, de la Var\u015fovia. Punctul culminant al reuniunii va fi discursul noului pre\u015fedinte american Donald Trump, de la care liderii NATO a\u015fteapt\u0103 un mesaj pozitiv, dup\u0103 criticile aduse Alian\u0163ei \u00een timpul campaniei electorale \u015fi \u00een contextul solicit\u0103rilor SUA de cre\u015ftere a gradului de implicare a NATO \u00een opera\u0163iunile antiteroriste. \u00cen acest context, alia\u0163ii NATO au decis miercuri sear\u0103 s\u0103 se al\u0103ture coali\u0163iei interna\u0163ionale de combatere a Statului Islamic, condus\u0103 \u00een acest moment de c\u0103tre Statele Unite, \u015fi este de a\u015fteptat ca decizia s\u0103 fie anun\u0163at\u0103 \u00een mod oficial la reuniunea de la Bruxelles.<\/p>\n<p>Sursa: News.ro\n<\/p><\/div>\n<p> Source URL: https:\/\/observatornews.ro\/politic\/presedintele-iohannis-la-summitul-nato-e-o-abordare-buna-sa-ne-focusam-mai-mult-pe-lupta-contra-terorismului-211187.html<\/p>\n","protected":false},"excerpt":{"rendered":"<p>Pre\u015fedintele Klaus Iohannis a declarat, joi, la Bruxelles, \u00eenaintea reuniunii NATO, c\u0103 este o &#8220;abordare bun\u0103&#8221; ca Alian\u0163a s\u0103 se concentreze mai mult pe lupta \u00eempotriva terorismului, f\u0103r\u0103 ca acest lucru s\u0103 afecteze proiectele din Flancul estic al NATO. \u015eeful statului a spus c\u0103, pentru Rom\u00e2nia, prioritare sunt rela\u0163ia cu SUA \u015fi consolidarea Flancului estic [&hellip;]<\/p>\n","protected":false},"author":1,"featured_media":0,"comment_status":"open","ping_status":"","sticky":false,"template":"","format":"standard","meta":{"footnotes":""},"categories":[2],"tags":[30],"class_list":["post-361787","post","type-post","status-publish","format-standard","hentry","category-politics","tag-observatornews-ro"],"_links":{"self":[{"href":"https:\/\/analyse.optim.biz\/index.php?rest_route=\/wp\/v2\/posts\/361787","targetHints":{"allow":["GET"]}}],"collection":[{"href":"https:\/\/analyse.optim.biz\/index.php?rest_route=\/wp\/v2\/posts"}],"about":[{"href":"https:\/\/analyse.optim.biz\/index.php?rest_route=\/wp\/v2\/types\/post"}],"author":[{"embeddable":true,"href":"https:\/\/analyse.optim.biz\/index.php?rest_route=\/wp\/v2\/users\/1"}],"replies":[{"embeddable":true,"href":"https:\/\/analyse.optim.biz\/index.php?rest_route=%2Fwp%2Fv2%2Fcomments&post=361787"}],"version-history":[{"count":0,"href":"https:\/\/analyse.optim.biz\/index.php?rest_route=\/wp\/v2\/posts\/361787\/revisions"}],"wp:attachment":[{"href":"https:\/\/analyse.optim.biz\/index.php?rest_route=%2Fwp%2Fv2%2Fmedia&parent=361787"}],"wp:term":[{"taxonomy":"category","embeddable":true,"href":"https:\/\/analyse.optim.biz\/index.php?rest_route=%2Fwp%2Fv2%2Fcategories&post=361787"},{"taxonomy":"post_tag","embeddable":true,"href":"https:\/\/analyse.optim.biz\/index.php?rest_route=%2Fwp%2Fv2%2Ftags&post=361787"}],"curies":[{"name":"wp","href":"https:\/\/api.w.org\/{rel}","templated":true}]}}