{"id":361701,"date":"2017-05-28T06:39:58","date_gmt":"2017-05-28T03:39:58","guid":{"rendered":"https:\/\/analyse.optim.biz\/?p=361701"},"modified":"2017-05-28T06:39:58","modified_gmt":"2017-05-28T03:39:58","slug":"prima-intalnire-oficiala-macron-putin-presedintele-rus-este-asteptat-la-o-expozitie-de-la-palatul-versailles","status":"publish","type":"post","link":"https:\/\/analyse.optim.biz\/?p=361701","title":{"rendered":"Prima \u00eent\u00e2lnire oficial\u0103 Macron &#8211; Putin. Pre\u015fedintele rus este a\u015fteptat la o expozi\u0163ie de la Palatul Versailles"},"content":{"rendered":"<div class=\"description\" data-key=\"description\">Pre\u015fedintele Fran\u0163ei, Emmanuel Macron, va avea luni prima \u00eent\u00e2lnire oficial\u0103 cu omologul s\u0103u rus, Vladimir Putin. \u00centrunirea este programat\u0103 la Palatul Versailles, acolo unde cei doi vor inaugura o expozi\u021bie.<\/div>\n<div class=\"articleBody\" data-key=\"articleBody\">Pre\u015fedintele Fran\u0163ei, Emmanuel Macron, va avea luni prima \u00eent\u00e2lnire oficial\u0103 cu omologul s\u0103u rus, Vladimir Putin. \u00centrunirea este programat\u0103 la Palatul Versailles, acolo unde cei doi vor inaugura o expozi\u021bie.<\/p>\n<p>Pre\u015fedintele francez a promis \u00eenc\u0103 din campania electoral\u0103 c\u0103 va avea o abordare clar\u0103 \u00een privin\u0163a Rusiei, dar c\u0103 va \u00eencerca s\u0103 colaboreze cu Vladimir Putin pentru combaterea organiza\u0163iei teroriste Stat Islamic.<\/p>\n<p>\u00cenainte de alegerile preziden\u0163iale din Fran\u0163a, Putin a sus\u0163inut-o pe candidata de extrem\u0103 dreapt\u0103, Marine Le Pen, \u00eens\u0103 dup\u0103 ce Macron a fost ales, liderul de la Kremlin l-a sunat pentru a-l felicita \u015fi pentru a-\u015fi exprima dorin\u0163a de a colabora pe viitor.<\/p>\n<p>Principalul subiect de pe agenda \u00eentrevederii celor doi lideri va fi lupta \u00eempotriva terorismului. \u00cenc\u0103 de s\u0103pt\u0103m\u00e2na trecut\u0103, Emmanuel Macron \u015fi Vladimir Putin au discutat la telefon despre crizele regionale din Ucraina \u015fi Siria. Acum, fo\u015ftii oficiali de la Kremlin sper\u0103 ca \u00eent\u00e2lnirea dintre cei doi lideri s\u0103 detensioneze rela\u0163iile dintre Fran\u0163a \u015fi Rusia.<\/p>\n<p>Data \u00eentrunirii nu a fost aleas\u0103 la \u00eent\u00e2mplare. Se \u00eemplinesc trei secole de la vizita \u0163arului rus Petru cel Mare \u00een Fran\u0163a, momentul cheie care a \u00eensemnat \u00eenceputul rela\u0163iilor dintre cele dou\u0103 \u0163\u0103ri. Pentru a marca evenimentul, o expozi\u0163ie impresionant\u0103 cu 150 de opere de art\u0103 va fi organizat\u0103 la Versailles.\n<\/p><\/div>\n<p> Source URL: https:\/\/observatornews.ro\/politic\/emmanuel-macron-noul-presedinte-al-frantei-se-pregateste-de-prima-intalnire-oficiala-cu-vladimir-putin-211445.html<\/p>\n","protected":false},"excerpt":{"rendered":"<p>Pre\u015fedintele Fran\u0163ei, Emmanuel Macron, va avea luni prima \u00eent\u00e2lnire oficial\u0103 cu omologul s\u0103u rus, Vladimir Putin. \u00centrunirea este programat\u0103 la Palatul Versailles, acolo unde cei doi vor inaugura o expozi\u021bie. Pre\u015fedintele Fran\u0163ei, Emmanuel Macron, va avea luni prima \u00eent\u00e2lnire oficial\u0103 cu omologul s\u0103u rus, Vladimir Putin. \u00centrunirea este programat\u0103 la Palatul Versailles, acolo unde cei [&hellip;]<\/p>\n","protected":false},"author":1,"featured_media":361702,"comment_status":"open","ping_status":"","sticky":false,"template":"","format":"standard","meta":{"footnotes":""},"categories":[2],"tags":[30],"class_list":["post-361701","post","type-post","status-publish","format-standard","has-post-thumbnail","hentry","category-politics","tag-observatornews-ro"],"_links":{"self":[{"href":"https:\/\/analyse.optim.biz\/index.php?rest_route=\/wp\/v2\/posts\/361701","targetHints":{"allow":["GET"]}}],"collection":[{"href":"https:\/\/analyse.optim.biz\/index.php?rest_route=\/wp\/v2\/posts"}],"about":[{"href":"https:\/\/analyse.optim.biz\/index.php?rest_route=\/wp\/v2\/types\/post"}],"author":[{"embeddable":true,"href":"https:\/\/analyse.optim.biz\/index.php?rest_route=\/wp\/v2\/users\/1"}],"replies":[{"embeddable":true,"href":"https:\/\/analyse.optim.biz\/index.php?rest_route=%2Fwp%2Fv2%2Fcomments&post=361701"}],"version-history":[{"count":0,"href":"https:\/\/analyse.optim.biz\/index.php?rest_route=\/wp\/v2\/posts\/361701\/revisions"}],"wp:featuredmedia":[{"embeddable":true,"href":"https:\/\/analyse.optim.biz\/index.php?rest_route=\/wp\/v2\/media\/361702"}],"wp:attachment":[{"href":"https:\/\/analyse.optim.biz\/index.php?rest_route=%2Fwp%2Fv2%2Fmedia&parent=361701"}],"wp:term":[{"taxonomy":"category","embeddable":true,"href":"https:\/\/analyse.optim.biz\/index.php?rest_route=%2Fwp%2Fv2%2Fcategories&post=361701"},{"taxonomy":"post_tag","embeddable":true,"href":"https:\/\/analyse.optim.biz\/index.php?rest_route=%2Fwp%2Fv2%2Ftags&post=361701"}],"curies":[{"name":"wp","href":"https:\/\/api.w.org\/{rel}","templated":true}]}}