{"id":361699,"date":"2017-05-28T07:35:00","date_gmt":"2017-05-28T04:35:00","guid":{"rendered":"https:\/\/analyse.optim.biz\/?p=361699"},"modified":"2017-05-28T07:35:00","modified_gmt":"2017-05-28T04:35:00","slug":"presedintele-iohannis-mesaj-pentru-romanii-de-pretutindeni-imi-doresc-sa-se-sustina-reciproc-si-sa-participe-la-luarea-deciziilor","status":"publish","type":"post","link":"https:\/\/analyse.optim.biz\/?p=361699","title":{"rendered":"Pre\u015fedintele Iohannis, mesaj pentru rom\u00e2nii de pretutindeni: &#8220;\u00cemi doresc s\u0103 se sus\u0163in\u0103 reciproc \u015fi s\u0103 participe la luarea deciziilor&#8221;"},"content":{"rendered":"<div class=\"description\" data-key=\"description\">Pre\u015fedintele Klaus Iohannis afirm\u0103, duminic\u0103, \u00eentr-un mesaj transmis cu prilejul Zilei Rom\u00e2nilor de Pretutindeni, c\u0103 \u00ee\u015fi dore\u015fte ca ace\u015ftia s\u0103 se sus\u0163in\u0103 reciproc \u015fi s\u0103 participe la luarea deciziilor care le afecteaz\u0103 via\u0163a.<\/div>\n<div class=\"articleBody\" data-key=\"articleBody\">Pre\u015fedintele Klaus Iohannis afirm\u0103, duminic\u0103, \u00eentr-un mesaj transmis cu prilejul Zilei Rom\u00e2nilor de Pretutindeni, c\u0103 \u00ee\u015fi dore\u015fte ca ace\u015ftia s\u0103 se sus\u0163in\u0103 reciproc \u015fi s\u0103 participe la luarea deciziilor care le afecteaz\u0103 via\u0163a.<\/p>\n<p>&#8216;Ca \u00een fiecare ultim\u0103 duminic\u0103 a lunii mai, ast\u0103zi s\u0103rb\u0103torim Ziua Rom\u00e2nilor de Pretutindeni, zi \u00een care, oriunde ne-am afla, redescoperim bucuria de a face parte dintr-un popor care a oferit at\u00e2t de multe \u00eentregii lumi. Cu at\u00e2\u0163ia rom\u00e2ni afla\u0163i acum peste hotare, cea mai bun\u0103 manier\u0103 \u00een care statul le poate recunoa\u015fte contribu\u0163ia este s\u0103 se pun\u0103 \u00een slujba lor&#8217;, spune \u015feful statului.<\/p>\n<p>Acesta aminte\u015fte c\u0103 \u00een 2016 s-au f\u0103cut &#8216;unele progrese&#8217; \u00een ceea ce prive\u015fte oferirea de servicii consulare online, simplificarea recunoa\u015fterii diplomelor, sus\u0163inerea \u00eentoarcerii \u00een \u0163ar\u0103 prin antreprenoriat, dar admite c\u0103 &#8216;mai sunt multe de f\u0103cut&#8217;<\/p>\n<p>&#8216;Indiferent de domeniul \u00een care muncesc, \u00eemi doresc ca rom\u00e2nii de pretutindeni s\u0103 se sus\u0163in\u0103 reciproc \u015fi s\u0103 participe la luarea deciziilor care le afecteaz\u0103 via\u0163a&#8217;, adaug\u0103 pre\u015fedintele Iohannis, care le transmite la mul\u0163i ani rom\u00e2nilor &#8216;de aici sau de acolo&#8217;.<\/p>\n<p>Ziua Rom\u00e2nilor de Pretutindeni este s\u0103rb\u0103torit\u0103, \u00eencep\u00e2nd cu anul 2015, \u00een ultima duminic\u0103 a lunii mai. P\u00e2n\u0103 \u00een 2014, ea era celebrat\u0103 la 30 noiembrie, odat\u0103 cu s\u0103rb\u0103toarea Sf\u00e2ntului Apostol Andrei, cel \u00cent\u00e2i chemat, Ocrotitorul Rom\u00e2niei.<\/p>\n<p>Sursa: Agerpres\n<\/p><\/div>\n<p> Source URL: https:\/\/observatornews.ro\/politic\/presedintele-iohannis-mesaj-pentru-romanii-de-pretutindeni-imi-doresc-sa-se-sustina-reciproc-si-sa-participe-la-luarea-deciziilor-211457.html<\/p>\n","protected":false},"excerpt":{"rendered":"<p>Pre\u015fedintele Klaus Iohannis afirm\u0103, duminic\u0103, \u00eentr-un mesaj transmis cu prilejul Zilei Rom\u00e2nilor de Pretutindeni, c\u0103 \u00ee\u015fi dore\u015fte ca ace\u015ftia s\u0103 se sus\u0163in\u0103 reciproc \u015fi s\u0103 participe la luarea deciziilor care le afecteaz\u0103 via\u0163a. Pre\u015fedintele Klaus Iohannis afirm\u0103, duminic\u0103, \u00eentr-un mesaj transmis cu prilejul Zilei Rom\u00e2nilor de Pretutindeni, c\u0103 \u00ee\u015fi dore\u015fte ca ace\u015ftia s\u0103 se sus\u0163in\u0103 [&hellip;]<\/p>\n","protected":false},"author":1,"featured_media":361700,"comment_status":"open","ping_status":"","sticky":false,"template":"","format":"standard","meta":{"footnotes":""},"categories":[2],"tags":[30],"class_list":["post-361699","post","type-post","status-publish","format-standard","has-post-thumbnail","hentry","category-politics","tag-observatornews-ro"],"_links":{"self":[{"href":"https:\/\/analyse.optim.biz\/index.php?rest_route=\/wp\/v2\/posts\/361699","targetHints":{"allow":["GET"]}}],"collection":[{"href":"https:\/\/analyse.optim.biz\/index.php?rest_route=\/wp\/v2\/posts"}],"about":[{"href":"https:\/\/analyse.optim.biz\/index.php?rest_route=\/wp\/v2\/types\/post"}],"author":[{"embeddable":true,"href":"https:\/\/analyse.optim.biz\/index.php?rest_route=\/wp\/v2\/users\/1"}],"replies":[{"embeddable":true,"href":"https:\/\/analyse.optim.biz\/index.php?rest_route=%2Fwp%2Fv2%2Fcomments&post=361699"}],"version-history":[{"count":0,"href":"https:\/\/analyse.optim.biz\/index.php?rest_route=\/wp\/v2\/posts\/361699\/revisions"}],"wp:featuredmedia":[{"embeddable":true,"href":"https:\/\/analyse.optim.biz\/index.php?rest_route=\/wp\/v2\/media\/361700"}],"wp:attachment":[{"href":"https:\/\/analyse.optim.biz\/index.php?rest_route=%2Fwp%2Fv2%2Fmedia&parent=361699"}],"wp:term":[{"taxonomy":"category","embeddable":true,"href":"https:\/\/analyse.optim.biz\/index.php?rest_route=%2Fwp%2Fv2%2Fcategories&post=361699"},{"taxonomy":"post_tag","embeddable":true,"href":"https:\/\/analyse.optim.biz\/index.php?rest_route=%2Fwp%2Fv2%2Ftags&post=361699"}],"curies":[{"name":"wp","href":"https:\/\/api.w.org\/{rel}","templated":true}]}}