{"id":361669,"date":"2017-05-28T10:07:00","date_gmt":"2017-05-28T07:07:00","guid":{"rendered":"https:\/\/analyse.optim.biz\/?p=361669"},"modified":"2017-05-28T10:07:00","modified_gmt":"2017-05-28T07:07:00","slug":"reactia-premierului-grindeanu-in-scandalul-pe-ambulantele-noi-situatia-este-in-atentia-mea-vom-clarifica-problema","status":"publish","type":"post","link":"https:\/\/analyse.optim.biz\/?p=361669","title":{"rendered":"Reac\u0163ia premierului Grindeanu, \u00een scandalul pe ambulan\u0163ele noi: &#8220;Situa\u0163ia este \u00een aten\u0163ia mea, vom clarifica problema&#8221;"},"content":{"rendered":"<div class=\"description\" data-key=\"description\">Premierul Sorin Grindeanu spune c\u0103 situa\u0163ia achizi\u0163iei de ambulan\u0163e este \u00een aten\u0163ia sa, preciz\u00e2nd c\u0103, s\u0103pt\u0103m\u00e2na viitoare, se va \u00eent\u00e2lni cu mini\u015ftrii Carmen Dan \u015fi Florian Bodog \u015fi cu secretarul de stat Raed Arafat pentru a clarifica problema.<\/div>\n<div class=\"articleBody\" data-key=\"articleBody\">Premierul Sorin Grindeanu spune c\u0103 situa\u0163ia achizi\u0163iei de ambulan\u0163e este \u00een aten\u0163ia sa, preciz\u00e2nd c\u0103, s\u0103pt\u0103m\u00e2na viitoare, se va \u00eent\u00e2lni cu mini\u015ftrii Carmen Dan \u015fi Florian Bodog \u015fi cu secretarul de stat Raed Arafat pentru a clarifica problema.<\/p>\n<p>&#8216;Situa\u0163ia achizi\u0163iei de ambulan\u0163e este \u00een aten\u0163ia mea \u015fi a echipei mele. Am avut discu\u0163ii, \u00een ultimele s\u0103pt\u0103m\u00e2ni, cu doamna ministru Carmen Dan, cu domnul ministru Bodog \u015fi cu domnul secretar de stat Arafat. S\u0103pt\u0103m\u00e2na viitoare, imediat ce domnul Arafat revine \u00een \u0163ar\u0103, m\u0103 voi \u00eent\u00e2lni cu to\u0163i trei, pentru a clarifica problema. Important e ca pacien\u0163ii rom\u00e2ni s\u0103 beneficieze c\u00e2t mai rapid de servicii moderne de ambulan\u0163\u0103&#8217;, a scris Grindeanu, duminic\u0103, pe Facebook.<\/p>\n<p>Reac\u0163ia \u015fefului Executivului vine dup\u0103 ce secretarul de stat \u00een Ministerul Afacerilor Interne (MAI) Raed Arafat a afirmat c\u0103 func\u0163ionari din cadrul Ministerului S\u0103n\u0103t\u0103\u0163ii au &#8216;sabotat&#8217; continuu procesul de dotare a serviciilor de Ambulan\u0163\u0103 \u015fi SMURD \u015fi c\u0103 anun\u0163ul ministrului Florian Bodog privind demararea procedurii de achizi\u0163ie pentru ambulan\u0163e &#8216;ascunde multe adev\u0103ruri nespuse&#8217;.<\/p>\n<p>Sursa: Agerpres\n<\/p><\/div>\n<p> Source URL: https:\/\/observatornews.ro\/politic\/premierul-grindeanu-ii-convoaca-pe-oficialii-de-la-interne-si-sanatate-la-sedinta-dupa-scandalul-pe-ambulantele-noi-situatia-este-in-atentia-mea-vom-clarifica-problema-211465.html<\/p>\n","protected":false},"excerpt":{"rendered":"<p>Premierul Sorin Grindeanu spune c\u0103 situa\u0163ia achizi\u0163iei de ambulan\u0163e este \u00een aten\u0163ia sa, preciz\u00e2nd c\u0103, s\u0103pt\u0103m\u00e2na viitoare, se va \u00eent\u00e2lni cu mini\u015ftrii Carmen Dan \u015fi Florian Bodog \u015fi cu secretarul de stat Raed Arafat pentru a clarifica problema. Premierul Sorin Grindeanu spune c\u0103 situa\u0163ia achizi\u0163iei de ambulan\u0163e este \u00een aten\u0163ia sa, preciz\u00e2nd c\u0103, s\u0103pt\u0103m\u00e2na viitoare, [&hellip;]<\/p>\n","protected":false},"author":1,"featured_media":0,"comment_status":"open","ping_status":"","sticky":false,"template":"","format":"standard","meta":{"footnotes":""},"categories":[2],"tags":[30],"class_list":["post-361669","post","type-post","status-publish","format-standard","hentry","category-politics","tag-observatornews-ro"],"_links":{"self":[{"href":"https:\/\/analyse.optim.biz\/index.php?rest_route=\/wp\/v2\/posts\/361669","targetHints":{"allow":["GET"]}}],"collection":[{"href":"https:\/\/analyse.optim.biz\/index.php?rest_route=\/wp\/v2\/posts"}],"about":[{"href":"https:\/\/analyse.optim.biz\/index.php?rest_route=\/wp\/v2\/types\/post"}],"author":[{"embeddable":true,"href":"https:\/\/analyse.optim.biz\/index.php?rest_route=\/wp\/v2\/users\/1"}],"replies":[{"embeddable":true,"href":"https:\/\/analyse.optim.biz\/index.php?rest_route=%2Fwp%2Fv2%2Fcomments&post=361669"}],"version-history":[{"count":0,"href":"https:\/\/analyse.optim.biz\/index.php?rest_route=\/wp\/v2\/posts\/361669\/revisions"}],"wp:attachment":[{"href":"https:\/\/analyse.optim.biz\/index.php?rest_route=%2Fwp%2Fv2%2Fmedia&parent=361669"}],"wp:term":[{"taxonomy":"category","embeddable":true,"href":"https:\/\/analyse.optim.biz\/index.php?rest_route=%2Fwp%2Fv2%2Fcategories&post=361669"},{"taxonomy":"post_tag","embeddable":true,"href":"https:\/\/analyse.optim.biz\/index.php?rest_route=%2Fwp%2Fv2%2Ftags&post=361669"}],"curies":[{"name":"wp","href":"https:\/\/api.w.org\/{rel}","templated":true}]}}