{"id":361668,"date":"2017-05-28T15:50:00","date_gmt":"2017-05-28T12:50:00","guid":{"rendered":"https:\/\/analyse.optim.biz\/?p=361668"},"modified":"2017-05-28T15:50:00","modified_gmt":"2017-05-28T12:50:00","slug":"ministrul-sanatatii-despre-disputa-privind-achizitionarea-de-ambulante-motivele-disputei-sunt-artificiale","status":"publish","type":"post","link":"https:\/\/analyse.optim.biz\/?p=361668","title":{"rendered":"Ministrul S\u0103n\u0103t\u0103\u0163ii, despre disputa privind achizi\u0163ionarea de ambulan\u0163e: &#8220;Motivele disputei sunt artificiale&#8221;"},"content":{"rendered":"<div class=\"description\" data-key=\"description\">Ministrul S\u0103n\u0103t\u0103\u0163ii, Florian Bodog, sus\u0163ine c\u0103 sunt &#8220;artificiale&#8221; motivele care au determinat disputa public\u0103 ini\u0163iat\u0103 de \u015feful Departamentului pentru Situa\u0163ii de Urgen\u0163\u0103 Raed Arafat pe tema achizi\u0163iilor de ambulan\u0163e pentru SMURD \u015fi c\u0103 &#8220;nu exist\u0103 niciun risc, de nicio natur\u0103, care s\u0103 determine sincope \u00een activitatea SMURD, cu at\u00e2t mai pu\u0163in s\u0103 pun\u0103 \u00een pericol via\u0163a oamenilor\u201d .<\/div>\n<div class=\"articleBody\" data-key=\"articleBody\">Ministrul S\u0103n\u0103t\u0103\u0163ii, Florian Bodog, sus\u0163ine c\u0103 sunt &#8220;artificiale&#8221; motivele care au determinat disputa public\u0103 ini\u0163iat\u0103 de \u015feful Departamentului pentru Situa\u0163ii de Urgen\u0163\u0103 Raed Arafat pe tema achizi\u0163iilor de ambulan\u0163e pentru SMURD \u015fi c\u0103 &#8220;nu exist\u0103 niciun risc, de nicio natur\u0103, care s\u0103 determine sincope \u00een activitatea SMURD, cu at\u00e2t mai pu\u0163in s\u0103 pun\u0103 \u00een pericol via\u0163a oamenilor\u201d .<\/p>\n<p>\u201d\u00cel asigur pe domnul secretar de stat Read Arafat c\u0103 am toat\u0103 deschiderea \u015fi determinarea\u00a0pentru identificarea solu\u0163iei adecvate, \u00eempreun\u0103 cu to\u0163i cei care au\u00a0responsabilit\u0103\u0163i \u00een aceast domeniu, pentru c\u0103 nu exist\u0103 nicio rezerv\u0103 sau ezitare \u00een\u00a0privin\u0163a achizi\u0163iilor de noi ambulan\u0163e.<\/p>\n<p>Ba, dimpotriv\u0103! Viziunea Guvernului este,\u00a0potrivit angajamentelor din programul de guvernare, s\u0103 punem \u00een practic\u0103 un proiect\u00a0major, achizi\u0163ia de 3000 de noi ambulan\u0163e, nu doar la nivelul SMURD, ci \u00een toat\u0103\u00a0\u0163ara, astfel \u00eenc\u00e2t s\u0103 nu existe localitate important\u0103 f\u0103r\u0103 ambulan\u0163\u0103 . \u00cens\u0103, \u00eentrega\u00a0procedur\u0103 trebuie s\u0103 se desf\u0103\u015foare cu respectarea deplin\u0103 a legii \u015fi \u00een beneficiul\u00a0oamenilor.<\/p>\n<p>Prin urmare, m\u0103 a\u015ftept la o participare si contribu\u0163ie corespunz\u0103toare din\u00a0partea domnului Arafat\u201d sus\u0163ine Florian Bodog, citat \u00eentr-un comunicat de pres\u0103 transmis duminic\u0103 sear\u0103 de Ministerul S\u0103n\u0103t\u0103\u0163ii.<\/p>\n<p>Potrivit acestuia, noua legisla\u0163ie privind achizi\u0163iile publice, adoptat\u0103 anul trecut, a f\u0103cut\u00a0inaplicabil protocolul dintre Ministerul S\u0103n\u0103t\u0103\u0163ii \u015fi Ministerul\u00a0Afacerilor Interne privind\u00a0dotarea pentru ISGU \u015fi a determinat ANAP s\u0103 \u00eel aprecieze corespunz\u0103tor.<\/p>\n<p>&#8220;Urmare a\u00a0acestei realit\u0103\u0163i, a fost redactat \u015fi este \u00een curs de evaluare \u015fi semnare un nou\u00a0protocol care va permite lansarea procedurii de achizi\u0163ie de noi ambulan\u0163e \u00een\u00a0condi\u0163ii legale&#8221;, precizeaz\u0103 Bodog.<\/p>\n<p>Mai mult, ministrul S\u0103n\u0103t\u0103\u0163ii sus\u0163ine c\u0103 nu exist\u0103 niciun risc, de nicio natur\u0103, care s\u0103\u00a0determine sincope \u00een activitatea SMURD, &#8220;cu at\u00e2t mai pu\u0163in s\u0103 pun\u0103 \u00een pericol\u00a0via\u0163a oamenilor\u201d \u015fi c\u0103 \u00eel a\u015fteapt\u0103 la &#8220;un dialog constructiv&#8221; pe secretarul de stat Raed Arafat, imediat\u00a0ce acesta va reveni \u00een tar\u0103.<\/p>\n<p>Secretarul de stat Raed Arafat a reac\u0163ionat, duminic\u0103, la anun\u0163ul ministrului S\u0103n\u0103t\u0103\u0163ii, de a \u00eencheia\u00a0un nou protocol \u00eentre Ministerul S\u0103nt\u0103t\u0103\u0163ii \u015fi Ministerul Afacerilor Interne, astfel \u00eenc\u00e2t s\u0103 fie reluat\u0103 procedura de achizi\u0163ie a ambulan\u0163elor SMURD.<\/p>\n<p>Raed Arafat a sus\u0163inut c\u0103,\u00a0dac\u0103 se renun\u0163\u0103 la licita\u0163ia \u00eenceput\u0103 de IGSU, se va \u00eent\u00e2rzia foarte mult, astfel c\u0103 primele ambulan\u0163e vor putea fi preluate abia la jum\u0103tatea anului viitor, \u00een condi\u0163iile \u00een care dot\u0103rile ambulan\u0163ei \u015fi SMURD sunt \u00eenvechite. \u201dS\u0103 \u00ee\u015fi asume responsabilitatea cei care semneaz\u0103 (protocolul &#8211; n.r.) atunci c\u00e2nd vor muri oameni pentru c\u0103 nu avem ambulan\u0163e\u201d, a averizat Arafat.<\/p>\n<p>Surs\u0103: news.ro\n<\/p><\/div>\n<p> Source URL: https:\/\/observatornews.ro\/politic\/ministrul-sanatatii-despre-disputa-privind-achizitionarea-de-ambulante-motivele-disputei-initiate-de-raed-arafat-sunt-artificiale-211485.html<\/p>\n","protected":false},"excerpt":{"rendered":"<p>Ministrul S\u0103n\u0103t\u0103\u0163ii, Florian Bodog, sus\u0163ine c\u0103 sunt &#8220;artificiale&#8221; motivele care au determinat disputa public\u0103 ini\u0163iat\u0103 de \u015feful Departamentului pentru Situa\u0163ii de Urgen\u0163\u0103 Raed Arafat pe tema achizi\u0163iilor de ambulan\u0163e pentru SMURD \u015fi c\u0103 &#8220;nu exist\u0103 niciun risc, de nicio natur\u0103, care s\u0103 determine sincope \u00een activitatea SMURD, cu at\u00e2t mai pu\u0163in s\u0103 pun\u0103 \u00een pericol [&hellip;]<\/p>\n","protected":false},"author":1,"featured_media":0,"comment_status":"open","ping_status":"","sticky":false,"template":"","format":"standard","meta":{"footnotes":""},"categories":[2],"tags":[30],"class_list":["post-361668","post","type-post","status-publish","format-standard","hentry","category-politics","tag-observatornews-ro"],"_links":{"self":[{"href":"https:\/\/analyse.optim.biz\/index.php?rest_route=\/wp\/v2\/posts\/361668","targetHints":{"allow":["GET"]}}],"collection":[{"href":"https:\/\/analyse.optim.biz\/index.php?rest_route=\/wp\/v2\/posts"}],"about":[{"href":"https:\/\/analyse.optim.biz\/index.php?rest_route=\/wp\/v2\/types\/post"}],"author":[{"embeddable":true,"href":"https:\/\/analyse.optim.biz\/index.php?rest_route=\/wp\/v2\/users\/1"}],"replies":[{"embeddable":true,"href":"https:\/\/analyse.optim.biz\/index.php?rest_route=%2Fwp%2Fv2%2Fcomments&post=361668"}],"version-history":[{"count":0,"href":"https:\/\/analyse.optim.biz\/index.php?rest_route=\/wp\/v2\/posts\/361668\/revisions"}],"wp:attachment":[{"href":"https:\/\/analyse.optim.biz\/index.php?rest_route=%2Fwp%2Fv2%2Fmedia&parent=361668"}],"wp:term":[{"taxonomy":"category","embeddable":true,"href":"https:\/\/analyse.optim.biz\/index.php?rest_route=%2Fwp%2Fv2%2Fcategories&post=361668"},{"taxonomy":"post_tag","embeddable":true,"href":"https:\/\/analyse.optim.biz\/index.php?rest_route=%2Fwp%2Fv2%2Ftags&post=361668"}],"curies":[{"name":"wp","href":"https:\/\/api.w.org\/{rel}","templated":true}]}}