{"id":361666,"date":"2017-05-28T20:05:00","date_gmt":"2017-05-28T17:05:00","guid":{"rendered":"https:\/\/analyse.optim.biz\/?p=361666"},"modified":"2017-05-28T20:05:00","modified_gmt":"2017-05-28T17:05:00","slug":"traian-basescu-ii-tine-partea-lui-klaus-iohannis-este-revoltator-ca-l-scot-de-la-interne-daramite-sa-l-scoti-de-la-armata","status":"publish","type":"post","link":"https:\/\/analyse.optim.biz\/?p=361666","title":{"rendered":"Traian B\u0103sescu \u00eei \u0163ine partea lui Klaus Iohannis: &#8220;Este revolt\u0103tor c\u0103-l scot de la interne, dar\u0103mite s\u0103-l sco\u021bi de la Armat\u0103&#8221;"},"content":{"rendered":"<div class=\"description\" data-key=\"description\">Pre\u0219edintele PMP, Traian B\u0103sescu, a declarat, duminic\u0103 seara, c\u0103 pre\u0219edintele \u021b\u0103rii nu poate fi scos din mecanismul de desemnare a \u0219efilor de la Armat\u0103 \u0219i de la interne.<\/div>\n<div class=\"articleBody\" data-key=\"articleBody\">Pre\u0219edintele PMP, Traian B\u0103sescu, a declarat, duminic\u0103 seara, c\u0103 pre\u0219edintele \u021b\u0103rii nu poate fi scos din mecanismul de desemnare a \u0219efilor de la Armat\u0103 \u0219i de la interne.<\/p>\n<p>&#8220;Ei vor s\u0103-l izoleze pe Iohannis c\u00e2t se poate de mult. Re\u021bine\u021bi, pre\u0219edintele este comandantul Armatei. Este revolt\u0103tor c\u0103-l scot de la interne, dar\u0103mite s\u0103-l sco\u021bi de la Armat\u0103. C\u0103 \u0219i \u0103ia sunt militariza\u021bi, internele.<\/p>\n<p>Deci, comandantul Armatei vrei s\u0103 afle din pres\u0103 cine a fost numit \u0219eful serviciului de informa\u021bii al Armatei?! Nu se poate! Mai ales c\u0103 acest \u0219ef al serviciului de informa\u021bii al Armatei este direct subordonat ministrului, nici m\u0103car direct subordonat \u0219efului de Stat Major. A fost \u0219efului de Stat Major. (&#8230;) Eu i-am aten\u021bionat \u00een Parlament, am votat \u00eempotriv\u0103 la interne&#8221;, a spus Traian B\u0103sescu la un post de televiziune.<\/p>\n<p>Pe 18 mai, pre\u0219edintele Klaus Iohannis a declarat c\u0103 adoptarea de c\u0103tre Senat a OUG privind Direc\u021bia General\u0103 de Protec\u021bie Intern\u0103 a Ministerului de Interne, prin care este eliminat avizul CSAT din numirea \u0219i eliberarea din func\u021bie a \u0219efului DGPI, este o eroare, ar\u0103t\u00e2nd c\u0103, \u00een &#8220;ultim\u0103 instan\u021b\u0103&#8221;, o va ataca la Curtea Constitu\u021bional\u0103 a Rom\u00e2niei (CCR).<\/p>\n<p>&#8220;A\u0219a ceva nu se poate, este o eroare, o gre\u0219eal\u0103 cum dori\u021bi. At\u00e2ta vreme c\u00e2t institu\u021bia este una militarizat\u0103 nu poate s\u0103 func\u021bioneze f\u0103r\u0103 aviz CSAT. Punct. Iar, indiferent ce dore\u0219te Senatul sau Camera Deputa\u021bilor, a\u0219a func\u021bioneaz\u0103 institu\u021biile \u00een Rom\u00e2nia, conform Constitu\u021biei \u0219i dac\u0103 se men\u021bine aceast\u0103 solu\u021bie, care este una neconstitu\u021bional\u0103, dup\u0103 p\u0103rerea mea, evident c\u0103 spe\u021ba va merge la Curtea Constitu\u021bional\u0103. (&#8230;) \u00cen ultim\u0103 instan\u021b\u0103, voi ataca eu la Curtea Constitu\u021bional\u0103, dar deocamdat\u0103 a\u0219tept\u0103m s\u0103-\u0219i revin\u0103 Parlamentul \u0219i s\u0103 intre \u00een normalitate&#8221;, a spus Iohannis, la Palatul Cotroceni.<\/p>\n<p>Surs\u0103: Agerpres.ro\n<\/p><\/div>\n<p> Source URL: https:\/\/observatornews.ro\/politic\/traian-basescu-ii-tine-partea-lui-klaus-iohannis-este-revoltator-cal-scot-de-la-interne-daramite-sal-scoti-de-la-armata-211516.html<\/p>\n","protected":false},"excerpt":{"rendered":"<p>Pre\u0219edintele PMP, Traian B\u0103sescu, a declarat, duminic\u0103 seara, c\u0103 pre\u0219edintele \u021b\u0103rii nu poate fi scos din mecanismul de desemnare a \u0219efilor de la Armat\u0103 \u0219i de la interne. Pre\u0219edintele PMP, Traian B\u0103sescu, a declarat, duminic\u0103 seara, c\u0103 pre\u0219edintele \u021b\u0103rii nu poate fi scos din mecanismul de desemnare a \u0219efilor de la Armat\u0103 \u0219i de la [&hellip;]<\/p>\n","protected":false},"author":1,"featured_media":361667,"comment_status":"open","ping_status":"","sticky":false,"template":"","format":"standard","meta":{"footnotes":""},"categories":[2],"tags":[30],"class_list":["post-361666","post","type-post","status-publish","format-standard","has-post-thumbnail","hentry","category-politics","tag-observatornews-ro"],"_links":{"self":[{"href":"https:\/\/analyse.optim.biz\/index.php?rest_route=\/wp\/v2\/posts\/361666","targetHints":{"allow":["GET"]}}],"collection":[{"href":"https:\/\/analyse.optim.biz\/index.php?rest_route=\/wp\/v2\/posts"}],"about":[{"href":"https:\/\/analyse.optim.biz\/index.php?rest_route=\/wp\/v2\/types\/post"}],"author":[{"embeddable":true,"href":"https:\/\/analyse.optim.biz\/index.php?rest_route=\/wp\/v2\/users\/1"}],"replies":[{"embeddable":true,"href":"https:\/\/analyse.optim.biz\/index.php?rest_route=%2Fwp%2Fv2%2Fcomments&post=361666"}],"version-history":[{"count":0,"href":"https:\/\/analyse.optim.biz\/index.php?rest_route=\/wp\/v2\/posts\/361666\/revisions"}],"wp:featuredmedia":[{"embeddable":true,"href":"https:\/\/analyse.optim.biz\/index.php?rest_route=\/wp\/v2\/media\/361667"}],"wp:attachment":[{"href":"https:\/\/analyse.optim.biz\/index.php?rest_route=%2Fwp%2Fv2%2Fmedia&parent=361666"}],"wp:term":[{"taxonomy":"category","embeddable":true,"href":"https:\/\/analyse.optim.biz\/index.php?rest_route=%2Fwp%2Fv2%2Fcategories&post=361666"},{"taxonomy":"post_tag","embeddable":true,"href":"https:\/\/analyse.optim.biz\/index.php?rest_route=%2Fwp%2Fv2%2Ftags&post=361666"}],"curies":[{"name":"wp","href":"https:\/\/api.w.org\/{rel}","templated":true}]}}