{"id":361639,"date":"2017-05-29T08:46:00","date_gmt":"2017-05-29T05:46:00","guid":{"rendered":"https:\/\/analyse.optim.biz\/?p=361639"},"modified":"2017-05-29T08:46:00","modified_gmt":"2017-05-29T05:46:00","slug":"presedintele-iohannis-despre-regiunea-marii-negre-trebuie-depasite-animozitatile-istorice","status":"publish","type":"post","link":"https:\/\/analyse.optim.biz\/?p=361639","title":{"rendered":"Pre\u015fedintele Iohannis, despre regiunea M\u0103rii Negre: &#8220;Trebuie dep\u0103\u015fite animozit\u0103\u0163ile istorice&#8221;"},"content":{"rendered":"<div class=\"description\" data-key=\"description\">Pre\u015fedintele Klaus Iohannis a transmis, luni, un mesaj cu ocazia organiz\u0103rii unei dezbateri asupra securit\u0103\u0163ii \u00een regiunea M\u0103rii Negre, afirm\u00e2nd c\u0103 zona este \u00een continuare una conflictual\u0103, \u00eent\u00e2lnindu-se culturi \u015fi obiective diferite, \u00eens\u0103 acest pilon trebuie diminuat \u015fi \u00een acela\u015fi timp fructificat mai bine poten\u0163ialul economic, acesta fiind \u015fi obiectivul Rom\u00e2niei.<\/div>\n<div class=\"articleBody\" data-key=\"articleBody\">Pre\u015fedintele Klaus Iohannis a transmis, luni, un mesaj cu ocazia organiz\u0103rii unei dezbateri asupra securit\u0103\u0163ii \u00een regiunea M\u0103rii Negre, afirm\u00e2nd c\u0103 zona este \u00een continuare una conflictual\u0103, \u00eent\u00e2lnindu-se culturi \u015fi obiective diferite, \u00eens\u0103 acest pilon trebuie diminuat \u015fi \u00een acela\u015fi timp fructificat mai bine poten\u0163ialul economic, acesta fiind \u015fi obiectivul Rom\u00e2niei.<\/p>\n<p>&#8220;Sub influen\u0163a evenimentelor politice \u015fi militare din ultimii ani, aceast\u0103 zon\u0103 a devenit un loc de \u00eent\u00e2lnire a diferitelor sfere de influen\u0163\u0103, situ\u00e2ndu-se la intersec\u0163ia unor grani\u0163e geopolitice \u015fi geo-economice sensibile. (&#8230;) Devine cu at\u00e2t mai necesar\u0103 o dezbatere ale c\u0103rei rezultate s\u0103 contribuie la diminuarea caracterului conflictual al regiunii \u015fi, totodat\u0103, la o mai bun\u0103 fructificare a remarcabilului poten\u0163ial al M\u0103rii Negre&#8221;, a spus Iohannis, \u00eentr-un mesaj transmis cu ocazia\u00a0deschiderii lucr\u0103rilor programului &#8220;Securitate \u00een Regiunea M\u0103rii Negre. Provoc\u0103ri comune, viitor sustenabil\u201d.<\/p>\n<p>\u015eeful statului a subliniat c\u0103 zona reprezint\u0103 un &#8220;mozaic&#8221; de state, na\u0163ionalit\u0103\u0163i, etnici, tradi\u0163ii, valori culturale \u015fi religioase, ceea ce contribuie la instabilitatea din zon\u0103, \u015fi datorat\u0103 faptului c\u0103 statele &#8220;nu se afl\u0103 deloc \u00een etape similare ale procesului de tranzi\u0163ie c\u0103tre democra\u0163ie \u015fi economia de pia\u0163\u0103&#8221;.<\/p>\n<p>&#8220;Este un tablou complicat, iar stadiile diferite de dezvoltare ale \u0163\u0103rilor din zon\u0103 s-ar putea reflecta negativ asupra capacit\u0103\u0163ii acestora de a coopera&#8221;, a spus pre\u015fedintele, men\u0163ion\u00e2nd printre cauze \u015fi conflictele \u00eenghe\u0163ate din Abhazia, Osetia de Sud, Transnistria \u015fi Nagorno-Karabah, situa\u0163ia de pe teritoriul Ucrainei.<\/p>\n<p>Pre\u015fedintele a afirmat c\u0103 trebuie luat\u0103 \u00een calcul \u015fi dimensiunea economic\u0103 a regiunii, care este poarta de intrare pentru petrolul \u015fi gazul transportat dinspre Asia Central\u0103 \u015fi Caucaz c\u0103tre Europa. &#8220;Securitatea infrastructurii energetice din acest sector devine, prin urmare, critic\u0103 pentru securitatea energetic\u0103 a Europei&#8221;, a spus el.<\/p>\n<p>Iohannis a vorbit \u015fi despre interesele Federa\u0163iei Ruse \u00een zon\u0103, \u00een condi\u0163iile \u00een care &#8220;Moscova mizeaz\u0103 pe men\u0163inerea domina\u0163iei sale politice, economico-energetice \u015fi militare \u00een acest areal&#8221;.<\/p>\n<p>&#8220;Cu to\u0163ii ne dorim ca zona M\u0103rii Negre s\u0103 r\u0103m\u00e2n\u0103 un spa\u0163iu stabil \u015fi predictibil, \u00eens\u0103 atingerea acestui deziderat necesit\u0103 dep\u0103\u015firea unui mare obstacol: to\u0163i participan\u0163ii la acest mare joc de strategie la Marea Neagr\u0103 ar trebui s\u0103 considere regiunea mai degrab\u0103 o zon\u0103 de convergen\u0163\u0103 a obiectivelor, \u015fi mai pu\u0163in o grani\u0163\u0103 care desparte interesele divergente&#8221;, a spus pre\u015fedintele.<\/p>\n<p>El a afirmat c\u0103 trebuie dep\u0103\u015fite &#8220;animozit\u0103\u0163ile istorice&#8221; \u015fi identificate interesele comune, acestea fiind \u015fi obiective ale Rom\u00e2niei.<\/p>\n<p>&#8220;Rom\u00e2nia a sus\u0163inut constant necesitatea unei cooper\u0103ri regionale puternice \u015fi a exprimat disponibilitatea de a lucra cu to\u0163i partenerii interesa\u0163i de dezvoltarea zonei M\u0103rii Negre. Rom\u00e2nia reprezint\u0103, la acest moment, un pol de stabilitate, \u00een contextul unor evolu\u0163ii regionale \u015fi interna\u0163ionale \u00eengrijor\u0103toare. \u0162ara noastr\u0103 a demonstrat c\u0103 este un partener de \u00eencredere \u015fi poate contribui la asigurarea securit\u0103\u0163ii regionale pe multiple planuri &#8211; politic, diplomatic, militar \u2013 \u015fi c\u0103 este preg\u0103tit\u0103 s\u0103 fac\u0103 fa\u0163\u0103 provoc\u0103rilor de securitate&#8221;, a mai spus pre\u015fedintele.<\/p>\n<p>Sursa: News.ro\n<\/p><\/div>\n<p> Source URL: https:\/\/observatornews.ro\/politic\/presedintele-iohannis-despre-regiunea-marii-negre-trebuie-depasite-animozitatile-istorice-211557.html<\/p>\n","protected":false},"excerpt":{"rendered":"<p>Pre\u015fedintele Klaus Iohannis a transmis, luni, un mesaj cu ocazia organiz\u0103rii unei dezbateri asupra securit\u0103\u0163ii \u00een regiunea M\u0103rii Negre, afirm\u00e2nd c\u0103 zona este \u00een continuare una conflictual\u0103, \u00eent\u00e2lnindu-se culturi \u015fi obiective diferite, \u00eens\u0103 acest pilon trebuie diminuat \u015fi \u00een acela\u015fi timp fructificat mai bine poten\u0163ialul economic, acesta fiind \u015fi obiectivul Rom\u00e2niei. Pre\u015fedintele Klaus Iohannis a [&hellip;]<\/p>\n","protected":false},"author":1,"featured_media":361640,"comment_status":"open","ping_status":"","sticky":false,"template":"","format":"standard","meta":{"footnotes":""},"categories":[2],"tags":[30],"class_list":["post-361639","post","type-post","status-publish","format-standard","has-post-thumbnail","hentry","category-politics","tag-observatornews-ro"],"_links":{"self":[{"href":"https:\/\/analyse.optim.biz\/index.php?rest_route=\/wp\/v2\/posts\/361639","targetHints":{"allow":["GET"]}}],"collection":[{"href":"https:\/\/analyse.optim.biz\/index.php?rest_route=\/wp\/v2\/posts"}],"about":[{"href":"https:\/\/analyse.optim.biz\/index.php?rest_route=\/wp\/v2\/types\/post"}],"author":[{"embeddable":true,"href":"https:\/\/analyse.optim.biz\/index.php?rest_route=\/wp\/v2\/users\/1"}],"replies":[{"embeddable":true,"href":"https:\/\/analyse.optim.biz\/index.php?rest_route=%2Fwp%2Fv2%2Fcomments&post=361639"}],"version-history":[{"count":0,"href":"https:\/\/analyse.optim.biz\/index.php?rest_route=\/wp\/v2\/posts\/361639\/revisions"}],"wp:featuredmedia":[{"embeddable":true,"href":"https:\/\/analyse.optim.biz\/index.php?rest_route=\/wp\/v2\/media\/361640"}],"wp:attachment":[{"href":"https:\/\/analyse.optim.biz\/index.php?rest_route=%2Fwp%2Fv2%2Fmedia&parent=361639"}],"wp:term":[{"taxonomy":"category","embeddable":true,"href":"https:\/\/analyse.optim.biz\/index.php?rest_route=%2Fwp%2Fv2%2Fcategories&post=361639"},{"taxonomy":"post_tag","embeddable":true,"href":"https:\/\/analyse.optim.biz\/index.php?rest_route=%2Fwp%2Fv2%2Ftags&post=361639"}],"curies":[{"name":"wp","href":"https:\/\/api.w.org\/{rel}","templated":true}]}}