{"id":361637,"date":"2017-05-29T08:49:00","date_gmt":"2017-05-29T05:49:00","guid":{"rendered":"https:\/\/analyse.optim.biz\/?p=361637"},"modified":"2017-05-29T08:49:00","modified_gmt":"2017-05-29T05:49:00","slug":"geoana-continua-seria-observatiilor-dure-despre-prezidentialele-din-2009-e-de-cartea-recordurilor-ca-un-ofiter-acoperit-sa-modereze-o-dezbatere-prezidentiala","status":"publish","type":"post","link":"https:\/\/analyse.optim.biz\/?p=361637","title":{"rendered":"GEOAN\u0102 continu\u0103 seria observa\u0163iilor DURE despre preziden\u0163ialele din 2009: &#8220;E de CARTEA RECORDURILOR ca un ofi\u0163er acoperit s\u0103 modereze o dezbatere preziden\u0163ial\u0103!&#8221;"},"content":{"rendered":"<div class=\"description\" data-key=\"description\">Fostul candidat PSD la alegerile preziden\u0163iale Mircea Geoan\u0103 a declarat, luni, c\u0103 este un lucru inedit, de Cartea Recordurilor, ca un ofi\u0163er acoperit, cum a fost Robert Turcescu, s\u0103 modereze o dezbatere preziden\u0163ial\u0103, \u015fi acuz\u0103 o &#8220;opera\u0163iune deliberat\u0103&#8221;, dincolo de limita democra\u0163iei, de influen\u0163are a alegerilor, \u00eens\u0103 precizeaz\u0103 c\u0103 nu vrea s\u0103 &#8220;speculeze&#8221; cine \u015fi de ce a comandat-o. Deputatul PMP Robert Turcescu a r\u0103spuns c\u0103 avansarea sa \u00een grad ca ofi\u0163er acoperit a avut loc dup\u0103 dezbaterea din 2009, scrie News.ro<\/div>\n<div class=\"articleBody\" data-key=\"articleBody\">Fostul candidat PSD la alegerile preziden\u0163iale Mircea Geoan\u0103 a declarat, luni, c\u0103 este un lucru inedit, de Cartea Recordurilor, ca un ofi\u0163er acoperit, cum a fost Robert Turcescu, s\u0103 modereze o dezbatere preziden\u0163ial\u0103, \u015fi acuz\u0103 o &#8220;opera\u0163iune deliberat\u0103&#8221;, dincolo de limita democra\u0163iei, de influen\u0163are a alegerilor, \u00eens\u0103 precizeaz\u0103 c\u0103 nu vrea s\u0103 &#8220;speculeze&#8221; cine \u015fi de ce a comandat-o. Deputatul PMP Robert Turcescu a r\u0103spuns c\u0103 avansarea sa \u00een grad ca ofi\u0163er acoperit a avut loc dup\u0103 dezbaterea din 2009, scrie News.ro<\/p>\n<p>&#8220;Privind acum \u00een retrospectiv\u0103 (&#8230;) lumina pe care o revars\u0103 abunden\u0163a de dezv\u0103luiri asupra acelui moment ne face s\u0103 ne uit\u0103m cu ochi proaspe\u0163i la acel moment. Cred c\u0103 suntem \u00een Cartea Recordurilor, \u00een care un ofi\u0163er acoperit modereaz\u0103 o dezbatere preziden\u0163ial\u0103. \u00cen sine, este o opera\u0163iune excep\u0163ional\u0103. Nu \u015ftiu dac\u0103 exist\u0103 undeva \u00een lumea democratic\u0103 c\u00e2t de c\u00e2t autentic\u0103 o situa\u0163ie \u00een care un ofi\u0163er acoperit s\u0103 modereze. Cum un ofi\u0163er acoperit a ajuns \u00een situa\u0163ia respectiv\u0103, asta este iar\u0103\u015fi o \u00eentrebare interesant\u0103&#8221;, a spus Geaoan\u0103.<\/p>\n<p>El a afirmat c\u0103, dac\u0103 ar fi \u015ftiut c\u0103 Turcescu este ofi\u0163er acoperit, nu ar fi acceptat invita\u0163ia de dezbatere.<\/p>\n<p>Geoan\u0103 a mai spus c\u0103 a existat un &#8220;mod de operare&#8221; \u00een 2009, intuind c\u0103tre influen\u0163area alegerilor.<\/p>\n<p>&#8220;Situa\u0163ia este absolut inedit\u0103 \u015fi \u00eentr-un fel de arat\u0103 \u00eenc\u0103 o dat\u0103 un mod de operare \u015fi acesta este de fapt ce deranjeaz\u0103 mai mult dec\u00e2t elementul personal, cu ce metode c\u00e2\u015ftig\u0103 cineva alegeri. (&#8230;) Este un lucru care, privind acum \u00een retrospectiv\u0103, este absolut inacceptabil \u015fi cred c\u0103 este o opera\u0163iune pe care cei care eventual, repet, condi\u0163ionez \u015fi contextualizez declara\u0163iile mele, dac\u0103 au avut cumva \u00een vedere s\u0103 pun\u0103 un acoperit s\u0103 modereze o dezbatere preziden\u0163ial\u0103 este extrem, extrem de grav&#8221;, a spus Geoan\u0103.<\/p>\n<p>Fostul social-democrat a fost \u00eentrebat de c\u0103tre deputatul ALDE Stelu\u0163a C\u0103t\u0103niciu despre acest &#8220;mod de operare&#8221; despre care a tot vorbit, Geoan\u0103 explic\u00e2nd c\u0103 au fost dep\u0103\u015fite limitele democra\u0163iei prin multe incidente.<\/p>\n<p>&#8220;Sunt piese disparate dintr-un puzzle, dintr-un tablou. (&#8230;) Este evident, este o opera\u0163iune deliberat\u0103, determinat\u0103, de folosire a unor instrumente, care din punctul meu de vedere dep\u0103\u015fesc limita democra\u0163iei&#8221;, a spus el.<\/p>\n<p>Geoan\u0103 a subliniat \u00eens\u0103 c\u0103 nu poate afirma dac\u0103 cineva, &#8220;dintr-o structur\u0103&#8221;, a determinat aceste ac\u0163iuni, fiind &#8220;o specula\u0163ie&#8221;.<\/p>\n<p>&#8220;Semne de \u00eentrebare \u00een mod clar exist\u0103&#8221;, a ad\u0103ugat el.<\/p>\n<p>Deputatul Robert Turcescu a r\u0103spuns c\u0103 el a devenit ofi\u0163er acoperit dup\u0103 dezbaterea din 2009.<\/p>\n<p>&#8220;Pentru lini\u015ftea doamnei C\u0103t\u0103niciu. Celebra list\u0103 cu avans\u0103rile f\u0103cute la secret de domnul Gabriel Oprea \u015fi r\u0103spunsul MApN arat\u0103 c\u0103 avansarea mea \u00een grad, sub acoperirea domnului Oprea, s-a \u00eent\u00e2mplat la mult timp dup\u0103 dezbaterea preziden\u0163ial\u0103 din 2009&#8221;, a spus fostul moderator al dezbaterii.<\/p>\n<p>Surs\u0103: News.ro\n<\/p><\/div>\n<p> Source URL: https:\/\/observatornews.ro\/politic\/geoana-despre-prezidentialele-2009-e-de-cartea-recordurilor-ca-un-ofiter-acoperit-sa-modereze-o-dezbatere-prezidentiala-211558.html<\/p>\n","protected":false},"excerpt":{"rendered":"<p>Fostul candidat PSD la alegerile preziden\u0163iale Mircea Geoan\u0103 a declarat, luni, c\u0103 este un lucru inedit, de Cartea Recordurilor, ca un ofi\u0163er acoperit, cum a fost Robert Turcescu, s\u0103 modereze o dezbatere preziden\u0163ial\u0103, \u015fi acuz\u0103 o &#8220;opera\u0163iune deliberat\u0103&#8221;, dincolo de limita democra\u0163iei, de influen\u0163are a alegerilor, \u00eens\u0103 precizeaz\u0103 c\u0103 nu vrea s\u0103 &#8220;speculeze&#8221; cine \u015fi [&hellip;]<\/p>\n","protected":false},"author":1,"featured_media":361638,"comment_status":"open","ping_status":"","sticky":false,"template":"","format":"standard","meta":{"footnotes":""},"categories":[2],"tags":[30],"class_list":["post-361637","post","type-post","status-publish","format-standard","has-post-thumbnail","hentry","category-politics","tag-observatornews-ro"],"_links":{"self":[{"href":"https:\/\/analyse.optim.biz\/index.php?rest_route=\/wp\/v2\/posts\/361637","targetHints":{"allow":["GET"]}}],"collection":[{"href":"https:\/\/analyse.optim.biz\/index.php?rest_route=\/wp\/v2\/posts"}],"about":[{"href":"https:\/\/analyse.optim.biz\/index.php?rest_route=\/wp\/v2\/types\/post"}],"author":[{"embeddable":true,"href":"https:\/\/analyse.optim.biz\/index.php?rest_route=\/wp\/v2\/users\/1"}],"replies":[{"embeddable":true,"href":"https:\/\/analyse.optim.biz\/index.php?rest_route=%2Fwp%2Fv2%2Fcomments&post=361637"}],"version-history":[{"count":0,"href":"https:\/\/analyse.optim.biz\/index.php?rest_route=\/wp\/v2\/posts\/361637\/revisions"}],"wp:featuredmedia":[{"embeddable":true,"href":"https:\/\/analyse.optim.biz\/index.php?rest_route=\/wp\/v2\/media\/361638"}],"wp:attachment":[{"href":"https:\/\/analyse.optim.biz\/index.php?rest_route=%2Fwp%2Fv2%2Fmedia&parent=361637"}],"wp:term":[{"taxonomy":"category","embeddable":true,"href":"https:\/\/analyse.optim.biz\/index.php?rest_route=%2Fwp%2Fv2%2Fcategories&post=361637"},{"taxonomy":"post_tag","embeddable":true,"href":"https:\/\/analyse.optim.biz\/index.php?rest_route=%2Fwp%2Fv2%2Ftags&post=361637"}],"curies":[{"name":"wp","href":"https:\/\/api.w.org\/{rel}","templated":true}]}}