{"id":361631,"date":"2017-05-31T06:59:00","date_gmt":"2017-05-31T03:59:00","guid":{"rendered":"https:\/\/analyse.optim.biz\/?p=361631"},"modified":"2017-05-31T06:59:00","modified_gmt":"2017-05-31T03:59:00","slug":"ancheta-alegeri-prezidentiale-2009-gabriel-oprea-nu-vine-la-audieri-in-fata-comisiei","status":"publish","type":"post","link":"https:\/\/analyse.optim.biz\/?p=361631","title":{"rendered":"Anchet\u0103 alegeri preziden\u0163iale 2009. Gabriel Oprea NU VINE LA AUDIERI \u00een fa\u0163a comisiei!"},"content":{"rendered":"<div class=\"description\" data-key=\"description\">Fostul vicepremier Gabriel Oprea i-a anun\u021bat, printr-o scrisoare, pe parlamentarii din comisia de anchet\u0103 pentru alegerile preziden\u021biale din 2009 c\u0103 nu se va prezenta miercuri la audieri, a\u0219a cum era prev\u0103zut, informez\u0103 Agerpres<\/div>\n<div class=\"articleBody\" data-key=\"articleBody\">Fostul vicepremier Gabriel Oprea i-a anun\u021bat, printr-o scrisoare, pe parlamentarii din comisia de anchet\u0103 pentru alegerile preziden\u021biale din 2009 c\u0103 nu se va prezenta miercuri la audieri, a\u0219a cum era prev\u0103zut, informez\u0103 Agerpres<\/p>\n<p>&#8220;Referitor la solicitarea dumneavoastr\u0103 de a m\u0103 prezenta \u00een fa\u021ba comisiei parlamentare, v\u0103 aduc la cuno\u0219tin\u021b\u0103 c\u0103 \u00een luna aprilie 2017 am fost audiat, \u00een calitate de martor, la Parchetul de pe l\u00e2ng\u0103 \u00cenalta Curte de Casa\u021bie \u0219i Justi\u021bie, cu privire la acela\u0219i subiect \u00eentr-un dosar \u00een care s-a dispus \u00eenceperea urm\u0103ririi penale in rem. Fa\u021b\u0103 de \u00eemprejurarea c\u0103 sunt subiect procesual \u00eentr-o cauz\u0103 penal\u0103, \u00een sensul art. 34 Cod procedur\u0103 penal\u0103 \u0219i dat fiind caracterul nepublic al procedurii judiciare, impuse de art. 285, alin 2, din acela\u0219i cod, pentru a preveni eventuala \u00eenc\u0103lcare a caracterului nepublic al procedurii de urm\u0103rire penal\u0103 \u00een care am fost solicitat s\u0103 dau declara\u021bie \u00een calitate de martor, v\u0103 supun aten\u021biei necesitatea solicit\u0103rii de c\u0103tre dumneavoastr\u0103 a acordului prealabil al organului judiciar competent \u00een vederea audierii mele&#8221;, se arat\u0103 \u00een scrisoarea trimis\u0103 parlamentarilor de Gabriel Oprea.<\/p>\n<p>Surs\u0103: Agerpres\n<\/p><\/div>\n<p> Source URL: https:\/\/observatornews.ro\/politic\/ancheta-alegeri-prezidentiale-2009-gabriel-oprea-nu-vine-la-audieri-in-fata-comisiei-211792.html<\/p>\n","protected":false},"excerpt":{"rendered":"<p>Fostul vicepremier Gabriel Oprea i-a anun\u021bat, printr-o scrisoare, pe parlamentarii din comisia de anchet\u0103 pentru alegerile preziden\u021biale din 2009 c\u0103 nu se va prezenta miercuri la audieri, a\u0219a cum era prev\u0103zut, informez\u0103 Agerpres Fostul vicepremier Gabriel Oprea i-a anun\u021bat, printr-o scrisoare, pe parlamentarii din comisia de anchet\u0103 pentru alegerile preziden\u021biale din 2009 c\u0103 nu se [&hellip;]<\/p>\n","protected":false},"author":1,"featured_media":361632,"comment_status":"open","ping_status":"","sticky":false,"template":"","format":"standard","meta":{"footnotes":""},"categories":[2],"tags":[30],"class_list":["post-361631","post","type-post","status-publish","format-standard","has-post-thumbnail","hentry","category-politics","tag-observatornews-ro"],"_links":{"self":[{"href":"https:\/\/analyse.optim.biz\/index.php?rest_route=\/wp\/v2\/posts\/361631","targetHints":{"allow":["GET"]}}],"collection":[{"href":"https:\/\/analyse.optim.biz\/index.php?rest_route=\/wp\/v2\/posts"}],"about":[{"href":"https:\/\/analyse.optim.biz\/index.php?rest_route=\/wp\/v2\/types\/post"}],"author":[{"embeddable":true,"href":"https:\/\/analyse.optim.biz\/index.php?rest_route=\/wp\/v2\/users\/1"}],"replies":[{"embeddable":true,"href":"https:\/\/analyse.optim.biz\/index.php?rest_route=%2Fwp%2Fv2%2Fcomments&post=361631"}],"version-history":[{"count":0,"href":"https:\/\/analyse.optim.biz\/index.php?rest_route=\/wp\/v2\/posts\/361631\/revisions"}],"wp:featuredmedia":[{"embeddable":true,"href":"https:\/\/analyse.optim.biz\/index.php?rest_route=\/wp\/v2\/media\/361632"}],"wp:attachment":[{"href":"https:\/\/analyse.optim.biz\/index.php?rest_route=%2Fwp%2Fv2%2Fmedia&parent=361631"}],"wp:term":[{"taxonomy":"category","embeddable":true,"href":"https:\/\/analyse.optim.biz\/index.php?rest_route=%2Fwp%2Fv2%2Fcategories&post=361631"},{"taxonomy":"post_tag","embeddable":true,"href":"https:\/\/analyse.optim.biz\/index.php?rest_route=%2Fwp%2Fv2%2Ftags&post=361631"}],"curies":[{"name":"wp","href":"https:\/\/api.w.org\/{rel}","templated":true}]}}