{"id":361604,"date":"2017-05-31T09:09:00","date_gmt":"2017-05-31T06:09:00","guid":{"rendered":"https:\/\/analyse.optim.biz\/?p=361604"},"modified":"2017-05-31T09:09:00","modified_gmt":"2017-05-31T06:09:00","slug":"tudorel-toader-acuzatii-dure-nu-e-normal-ca-un-document-clasificat-sa-se-afle-in-posesia-unui-fost-ministru","status":"publish","type":"post","link":"https:\/\/analyse.optim.biz\/?p=361604","title":{"rendered":"Tudorel Toader, ACUZA\u0162II DURE: &#8220;NU E NORMAL ca un document clasificat s\u0103 se afle \u00een posesia unui FOST MINISTRU!&#8221;"},"content":{"rendered":"<div class=\"description\" data-key=\"description\">Ministrul Justi\u021biei, Tudorel Toader, a declarat miercuri c\u0103 nu este normal ca un document clasificat s\u0103 se afle \u00een posesia unui fost ministru, afirm\u00e2nd c\u0103 nu are voie s\u0103 vorbeasc\u0103 despre con\u021binutul raportului c\u00e2t\u0103 vreme nu este public, scrie\u00a0Agerpres<\/div>\n<div class=\"articleBody\" data-key=\"articleBody\">Ministrul Justi\u021biei, Tudorel Toader, a declarat miercuri c\u0103 nu este normal ca un document clasificat s\u0103 se afle \u00een posesia unui fost ministru, afirm\u00e2nd c\u0103 nu are voie s\u0103 vorbeasc\u0103 despre con\u021binutul raportului c\u00e2t\u0103 vreme nu este public, scrie\u00a0Agerpres<\/p>\n<p>\u00centrebat dac\u0103 este normal ca un registru de intr\u0103ri \u0219i ie\u0219iri din arhiva SIPA s\u0103 se afle la fostul ministru Monica Macovei, a\u0219a cum se afirm\u0103 \u00een spa\u021biul public, Tudorel Toader a r\u0103spuns: &#8220;Sigur c\u0103 nu e normal, mai ales dac\u0103 e vorba de un document clasificat, secretizat. C\u00e2t\u0103 vreme, \u00eens\u0103, raportul nu este f\u0103cut public, eu sigur c\u0103 nu am voie s\u0103 vorbesc despre con\u021binutul raportului&#8221;.<\/p>\n<p>Tudorel Toader a anun\u021bat c\u0103 miercuri dup\u0103 amiaz\u0103 ar putea sus\u021bine o conferin\u021b\u0103 de pres\u0103 \u00een care va vorbi despre arhiva SIPA.<\/p>\n<p>&#8216;Este foarte posibil ca ast\u0103zi dup\u0103 amiaz\u0103 s\u0103 v\u0103 invit la o conferin\u021b\u0103 de pres\u0103 (&#8230;) \u00een cadrul c\u0103reia s\u0103 v\u0103 vorbesc mai mult \u0219i mai multe despre arhiva SIPA \u0219i despre celelalte dou\u0103 rapoarte, care la momentul la care vorbim au caracter secret&#8221;, a spus ministrul Justi\u021biei.<\/p>\n<p>Surs\u0103: Agerpres\n<\/p><\/div>\n<p> Source URL: https:\/\/observatornews.ro\/politic\/tudorel-toader-nu-e-normal-ca-un-document-clasificat-sa-se-afle-in-posesia-unui-fost-ministru-211800.html<\/p>\n","protected":false},"excerpt":{"rendered":"<p>Ministrul Justi\u021biei, Tudorel Toader, a declarat miercuri c\u0103 nu este normal ca un document clasificat s\u0103 se afle \u00een posesia unui fost ministru, afirm\u00e2nd c\u0103 nu are voie s\u0103 vorbeasc\u0103 despre con\u021binutul raportului c\u00e2t\u0103 vreme nu este public, scrie\u00a0Agerpres Ministrul Justi\u021biei, Tudorel Toader, a declarat miercuri c\u0103 nu este normal ca un document clasificat s\u0103 [&hellip;]<\/p>\n","protected":false},"author":1,"featured_media":0,"comment_status":"open","ping_status":"","sticky":false,"template":"","format":"standard","meta":{"footnotes":""},"categories":[2],"tags":[30],"class_list":["post-361604","post","type-post","status-publish","format-standard","hentry","category-politics","tag-observatornews-ro"],"_links":{"self":[{"href":"https:\/\/analyse.optim.biz\/index.php?rest_route=\/wp\/v2\/posts\/361604","targetHints":{"allow":["GET"]}}],"collection":[{"href":"https:\/\/analyse.optim.biz\/index.php?rest_route=\/wp\/v2\/posts"}],"about":[{"href":"https:\/\/analyse.optim.biz\/index.php?rest_route=\/wp\/v2\/types\/post"}],"author":[{"embeddable":true,"href":"https:\/\/analyse.optim.biz\/index.php?rest_route=\/wp\/v2\/users\/1"}],"replies":[{"embeddable":true,"href":"https:\/\/analyse.optim.biz\/index.php?rest_route=%2Fwp%2Fv2%2Fcomments&post=361604"}],"version-history":[{"count":0,"href":"https:\/\/analyse.optim.biz\/index.php?rest_route=\/wp\/v2\/posts\/361604\/revisions"}],"wp:attachment":[{"href":"https:\/\/analyse.optim.biz\/index.php?rest_route=%2Fwp%2Fv2%2Fmedia&parent=361604"}],"wp:term":[{"taxonomy":"category","embeddable":true,"href":"https:\/\/analyse.optim.biz\/index.php?rest_route=%2Fwp%2Fv2%2Fcategories&post=361604"},{"taxonomy":"post_tag","embeddable":true,"href":"https:\/\/analyse.optim.biz\/index.php?rest_route=%2Fwp%2Fv2%2Ftags&post=361604"}],"curies":[{"name":"wp","href":"https:\/\/api.w.org\/{rel}","templated":true}]}}