{"id":361602,"date":"2017-05-31T11:34:00","date_gmt":"2017-05-31T08:34:00","guid":{"rendered":"https:\/\/analyse.optim.biz\/?p=361602"},"modified":"2017-05-31T11:34:00","modified_gmt":"2017-05-31T08:34:00","slug":"comisia-de-ancheta-s-ar-putea-adrea-parchetului-privind-refuzul-lui-oprea-iordanescu-si-ontanu-de-a-da-declaratii","status":"publish","type":"post","link":"https:\/\/analyse.optim.biz\/?p=361602","title":{"rendered":"Comisia de anchet\u0103 s-ar putea adrea Parchetului privind refuzul lui Oprea, Iord\u0103nescu \u015fi On\u0163anu de a da declara\u0163ii"},"content":{"rendered":"<div class=\"description\" data-key=\"description\">Pre\u015fedintele Comisiei de anchet\u0103 privind alegerile din 2009, Mihai Fifor, a declarat, miercuri, c\u0103 la \u00eenceputul s\u0103pt\u0103m\u00e2nii viitoare se va decide dac\u0103 va fi sau nu sesizat Parchetul pentru un punct de vedere ca urmare a refuzului lui Gabriel Oprea, Anghel Iord\u0103nescu \u015fi Neculai On\u0163anu de a da declara\u0163ii la audieri, coment\u00e2nd c\u0103 atitudinea lor a sem\u0103nat &#8220;izbitor&#8221;, scrie News.ro<\/div>\n<div class=\"articleBody\" data-key=\"articleBody\">Pre\u015fedintele Comisiei de anchet\u0103 privind alegerile din 2009, Mihai Fifor, a declarat, miercuri, c\u0103 la \u00eenceputul s\u0103pt\u0103m\u00e2nii viitoare se va decide dac\u0103 va fi sau nu sesizat Parchetul pentru un punct de vedere ca urmare a refuzului lui Gabriel Oprea, Anghel Iord\u0103nescu \u015fi Neculai On\u0163anu de a da declara\u0163ii la audieri, coment\u00e2nd c\u0103 atitudinea lor a sem\u0103nat &#8220;izbitor&#8221;, scrie News.ro<\/p>\n<p>&#8220;A fost o zi mai interesant\u0103 \u00een activitatea Comisiei (&#8230;) Am debutat cu scrisoarea domnului Gabriel Oprea \u00een diminea\u0163a aceasta. Am f\u0103cut o consultare cu colegii din Comisie \u015fi a r\u0103mas ca \u00een cursul dimine\u0163ii de mar\u0163i s\u0103 analiz\u0103m varianta \u00een care vom solicita un punct de vedere de la Parchetul General. Evident c\u0103 lucrul acesta se va referi \u015fi la modul \u00een care domnul Anghel Iord\u0103nescu s-a prezentat \u00een fa\u0163a Comisiei. P\u00e2n\u0103 la urm\u0103, spe\u0163ele par s\u0103 fie asem\u0103n\u0103toare&#8221;, a spus Mihai Fifor, la finalul \u015fedin\u0163ei de miercuri.<\/p>\n<p>\u00centrebat dac\u0103 i s-a p\u0103rut c\u0103 atitudinea celor trei a p\u0103rut o sfidare, Fifor a comentat c\u0103 unii membrii ai Comisiei au catalogat comportamentul lui Oprea, On\u0163anu \u015fi Iord\u0103nescu \u00een acest fel.<\/p>\n<p>&#8220;A fost o re\u0163inere, evident, \u00een a face declara\u0163ii \u00een fa\u0163a Comisiei. Coinciden\u0163\u0103 sau nu, cel pu\u0163in \u00een cazul domnului general Oprea \u015fi domnului general Iord\u0103nescu, (&#8230;) lucrurile seam\u0103n\u0103 izbitor de mult \u00een abordarea vizavi de lucr\u0103rile Comisiei&#8221;, a mai spus Fifor.<\/p>\n<p>Discu\u0163iile privind sesizarea Parchetului cu un punct de vedere au ap\u0103rut dup\u0103 ce Gabriel Oprea nu s-a prezentat la audieri, trimi\u0163\u00e2nd o scrisoare prin care anun\u0163a c\u0103 are nevoie de acordul procurorilor pentru a da declara\u0163ii, iar Anghel Iord\u0103nescu \u015fi Neculai On\u0163anu au dat declara\u0163ii vagi, refuz\u00e2nd s\u0103 dea informa\u0163ii suplimentare despre \u00eent\u00e2lnirea de acas\u0103 de la Gabriel Oprea, pe motiv c\u0103 exist\u0103 o anchet\u0103 in rem \u00een acest caz.<\/p>\n<p>Gabriel Oprea a trimis o scrisoare Comisiei de anchet\u0103 privind alegerile preziden\u0163iale din 2009, \u00een care le cere membrilor comisiei s\u0103 solicite acordul prealabil al organului judiciar competent \u00een vederea audierii sale \u00een Parlament, av\u00e2nd \u00een vedere c\u0103 a fost audiat la P\u00ceCCJ, \u00een calitate de martor, cu privire la acela\u015fi subiect, \u00eentr-un dosar \u00een care s-a dispus \u00eenceperea urm\u0103ririi penale in rem.<\/p>\n<p>Surs\u0103: News.ro\n<\/p><\/div>\n<p> Source URL: https:\/\/observatornews.ro\/politic\/comisia-de-ancheta-sar-putea-adrea-parchetului-privind-refuzul-lui-oprea-iordanescu-si-ontanu-de-a-da-declaratii-211828.html<\/p>\n","protected":false},"excerpt":{"rendered":"<p>Pre\u015fedintele Comisiei de anchet\u0103 privind alegerile din 2009, Mihai Fifor, a declarat, miercuri, c\u0103 la \u00eenceputul s\u0103pt\u0103m\u00e2nii viitoare se va decide dac\u0103 va fi sau nu sesizat Parchetul pentru un punct de vedere ca urmare a refuzului lui Gabriel Oprea, Anghel Iord\u0103nescu \u015fi Neculai On\u0163anu de a da declara\u0163ii la audieri, coment\u00e2nd c\u0103 atitudinea lor [&hellip;]<\/p>\n","protected":false},"author":1,"featured_media":361603,"comment_status":"open","ping_status":"","sticky":false,"template":"","format":"standard","meta":{"footnotes":""},"categories":[2],"tags":[30],"class_list":["post-361602","post","type-post","status-publish","format-standard","has-post-thumbnail","hentry","category-politics","tag-observatornews-ro"],"_links":{"self":[{"href":"https:\/\/analyse.optim.biz\/index.php?rest_route=\/wp\/v2\/posts\/361602","targetHints":{"allow":["GET"]}}],"collection":[{"href":"https:\/\/analyse.optim.biz\/index.php?rest_route=\/wp\/v2\/posts"}],"about":[{"href":"https:\/\/analyse.optim.biz\/index.php?rest_route=\/wp\/v2\/types\/post"}],"author":[{"embeddable":true,"href":"https:\/\/analyse.optim.biz\/index.php?rest_route=\/wp\/v2\/users\/1"}],"replies":[{"embeddable":true,"href":"https:\/\/analyse.optim.biz\/index.php?rest_route=%2Fwp%2Fv2%2Fcomments&post=361602"}],"version-history":[{"count":0,"href":"https:\/\/analyse.optim.biz\/index.php?rest_route=\/wp\/v2\/posts\/361602\/revisions"}],"wp:featuredmedia":[{"embeddable":true,"href":"https:\/\/analyse.optim.biz\/index.php?rest_route=\/wp\/v2\/media\/361603"}],"wp:attachment":[{"href":"https:\/\/analyse.optim.biz\/index.php?rest_route=%2Fwp%2Fv2%2Fmedia&parent=361602"}],"wp:term":[{"taxonomy":"category","embeddable":true,"href":"https:\/\/analyse.optim.biz\/index.php?rest_route=%2Fwp%2Fv2%2Fcategories&post=361602"},{"taxonomy":"post_tag","embeddable":true,"href":"https:\/\/analyse.optim.biz\/index.php?rest_route=%2Fwp%2Fv2%2Ftags&post=361602"}],"curies":[{"name":"wp","href":"https:\/\/api.w.org\/{rel}","templated":true}]}}