{"id":361600,"date":"2017-05-31T12:52:00","date_gmt":"2017-05-31T09:52:00","guid":{"rendered":"https:\/\/analyse.optim.biz\/?p=361600"},"modified":"2017-05-31T12:52:00","modified_gmt":"2017-05-31T09:52:00","slug":"sebastian-ghita-ar-urma-sa-fie-audiat-prin-videoconferinta-in-6-si-8-iunie","status":"publish","type":"post","link":"https:\/\/analyse.optim.biz\/?p=361600","title":{"rendered":"Sebastian GHI\u0162\u0102 ar urma s\u0103 fie AUDIAT prin videoconferin\u0163\u0103 \u00een 6 \u015fi 8 iunie!"},"content":{"rendered":"<div class=\"description\" data-key=\"description\">Omul de afaceri Sebastian Ghi\u0163\u0103, eliberat s\u0103pt\u0103m\u00e2na trecut\u0103 din arest din Serbia, ar urma s\u0103 fie audiat de instan\u0163ele din Rom\u00e2nia, prin videoconferin\u0163\u0103, \u00een 6 \u015fi 8 iunie, \u00een trei procese penale, conform solicit\u0103rilor formulate de c\u0103tre instan\u0163a suprem\u0103 \u015fi Tribunalul Prahova, anun\u0163\u0103, miercuri, Ministerul Justi\u0163iei, potrivit News.ro<\/div>\n<div class=\"articleBody\" data-key=\"articleBody\">Omul de afaceri Sebastian Ghi\u0163\u0103, eliberat s\u0103pt\u0103m\u00e2na trecut\u0103 din arest din Serbia, ar urma s\u0103 fie audiat de instan\u0163ele din Rom\u00e2nia, prin videoconferin\u0163\u0103, \u00een 6 \u015fi 8 iunie, \u00een trei procese penale, conform solicit\u0103rilor formulate de c\u0103tre instan\u0163a suprem\u0103 \u015fi Tribunalul Prahova, anun\u0163\u0103, miercuri, Ministerul Justi\u0163iei, potrivit News.ro<\/p>\n<p>Ministerul Justi\u0163iei spune, referitor la cererile de asisten\u0163\u0103 judiciar\u0103 interna\u0163ional\u0103 \u00een materie penal\u0103 av\u00e2nd ca obiect audierile prin videoconferin\u0163\u0103, c\u0103 acestea fost \u00eentocmite de c\u0103tre instan\u0163ele rom\u00e2ne, care au solicitat audierea prin videoconferin\u0163\u0103, respectiv \u00cenalta Curte de Casa\u0163ie \u015fi Justi\u0163ie \u015fi Tribunalul Prahova \u015fi au fost adresate Ministerului Justi\u0163iei din Serbia.<\/p>\n<p>Potrivit sursei citate, au fost formulate de c\u0103tre instan\u0163ele din Rom\u00e2nia mai multe cereri de audiere prin videoconferin\u0163\u0103 a omului de afaceri Sebastian Ghi\u0163\u0103. Astfel, cererea \u00cenaltei Cur\u0163i de Casa\u0163ie \u015fi Justi\u0163ie\u00a0emis\u0103 pentru termenul din 17 mai a fost transmis\u0103 la Ministerul Justi\u0163iei din Serbia \u00een data de 3 mai (cererea a fost \u00eendeplinit\u0103). Cauza a fost am\u00e2nat\u0103 pentru 22 mai, c\u00e2nd s-a formulat o nou\u0103 cerere de asisten\u0163\u0103 av\u00e2nd ca obiect audierea prin videoconferin\u0163\u0103, transmis\u0103 \u00een 18 mai la Ministerul Justi\u0163iei din Serbia (cererea a fost \u00eendeplinit\u0103). La termenul din 22 mai, cauza a fost din nou am\u00e2nat\u0103, stabilindu-se un nou termen pentru 6 iunie. Cererea a fost transmis\u0103 la Ministerul Justi\u0163iei din Serbia \u00een data de 25 mai.<\/p>\n<p>O a doua cerere de audiere prin videoconferin\u0163\u0103 a omului de afaceri Sebastian Ghi\u0163\u0103, \u00eentr-un alt dosar, a fost formulat\u0103 de instan\u0163a suprem\u0103 pentru termenul din 6 iunie, fiind transmis\u0103 la Ministerul Justi\u0163iei din Serbia \u00een 16 mai. \u00cen acest dosar a avut loc testarea tehnic\u0103 \u00eentre departamentele IT ale instan\u0163elor competente, mai spune Ministerul Justi\u0163iei.<\/p>\n<p>Cea de a treia cerere a fost emis\u0103 de Tribunalul Prahova pentru termenul din 8 iunie, a fost primit\u0103 la Ministerul Justi\u0163iei din Rom\u00e2nia la data de 31 mai, urm\u00e2nd a fi \u00eenaintat\u0103, la aceea\u015fi dat\u0103, dup\u0103 verific\u0103rile prev\u0103zute de lege, Ministerului Justi\u0163iei din Serbia.<\/p>\n<p>Omul de afaceri Sebastian Ghi\u0163\u0103 &#8211; re\u0163inut la Belgrad \u00een noaptea de 13 spre 14 aprilie \u015fi plasat apoi \u00een arest preventiv &#8211; a fost eliberat \u00een 26 mai pe cau\u0163iune, \u00een baza unei decizii a Cur\u0163ii Supreme din Serbia, dup\u0103 depunerea unei cau\u0163iuni de 200.000 de euro.\u00a0<\/p>\n<p>Lui Ghi\u0163\u0103 i-a fost re\u0163inut pa\u015faportul \u015fi i s-a interzis s\u0103 p\u0103r\u0103seasc\u0103 Belgradul. Omul de afaceri a\u015fteapt\u0103 o decizie privind cererea de extr\u0103dare formulat\u0103 de autorit\u0103\u0163ile rom\u00e2ne.<\/p>\n<p>C\u00e2nd a fost prins de autorit\u0103\u0163ile s\u00e2rbe, Ghi\u0163\u0103 avea permis de conducere \u015fi buletin de Slovenia \u015fi era \u00eempreun\u0103 cu fratele s\u0103u.<\/p>\n<p>\u00cen 19 mai, Ghi\u0163\u0103 a fost fost audiat la Curtea Suprem\u0103 din Belgrad ca urmare a cererii de extr\u0103dare formulat\u0103 de autorit\u0103\u0163ile rom\u00e2ne, el ar\u0103t\u00e2nd c\u0103 se opune extr\u0103d\u0103rii \u015fi invoc\u00e2nd persecu\u0163ii politice.\u00a0Avocatul s\u0103u a solicitat ca m\u0103sura deten\u0163iei s\u0103 fie \u00eenlocuit\u0103 cu arestul la domiciliu.<\/p>\n<p>Pe numele lui Sebastian Ghi\u0163\u0103 exist\u0103 dou\u0103 mandate de arestare \u00een lips\u0103, el av\u00e2nd cinci dosare penale \u00een Rom\u00e2nia.<\/p>\n<p>Surs\u0103: News.ro\n<\/p><\/div>\n<p> Source URL: https:\/\/observatornews.ro\/politic\/sebastian-ghita-ar-urma-sa-fie-audiat-prin-videoconferinta-in-6-si-8-iunie-211838.html<\/p>\n","protected":false},"excerpt":{"rendered":"<p>Omul de afaceri Sebastian Ghi\u0163\u0103, eliberat s\u0103pt\u0103m\u00e2na trecut\u0103 din arest din Serbia, ar urma s\u0103 fie audiat de instan\u0163ele din Rom\u00e2nia, prin videoconferin\u0163\u0103, \u00een 6 \u015fi 8 iunie, \u00een trei procese penale, conform solicit\u0103rilor formulate de c\u0103tre instan\u0163a suprem\u0103 \u015fi Tribunalul Prahova, anun\u0163\u0103, miercuri, Ministerul Justi\u0163iei, potrivit News.ro Omul de afaceri Sebastian Ghi\u0163\u0103, eliberat s\u0103pt\u0103m\u00e2na [&hellip;]<\/p>\n","protected":false},"author":1,"featured_media":361601,"comment_status":"open","ping_status":"","sticky":false,"template":"","format":"standard","meta":{"footnotes":""},"categories":[2],"tags":[30],"class_list":["post-361600","post","type-post","status-publish","format-standard","has-post-thumbnail","hentry","category-politics","tag-observatornews-ro"],"_links":{"self":[{"href":"https:\/\/analyse.optim.biz\/index.php?rest_route=\/wp\/v2\/posts\/361600","targetHints":{"allow":["GET"]}}],"collection":[{"href":"https:\/\/analyse.optim.biz\/index.php?rest_route=\/wp\/v2\/posts"}],"about":[{"href":"https:\/\/analyse.optim.biz\/index.php?rest_route=\/wp\/v2\/types\/post"}],"author":[{"embeddable":true,"href":"https:\/\/analyse.optim.biz\/index.php?rest_route=\/wp\/v2\/users\/1"}],"replies":[{"embeddable":true,"href":"https:\/\/analyse.optim.biz\/index.php?rest_route=%2Fwp%2Fv2%2Fcomments&post=361600"}],"version-history":[{"count":0,"href":"https:\/\/analyse.optim.biz\/index.php?rest_route=\/wp\/v2\/posts\/361600\/revisions"}],"wp:featuredmedia":[{"embeddable":true,"href":"https:\/\/analyse.optim.biz\/index.php?rest_route=\/wp\/v2\/media\/361601"}],"wp:attachment":[{"href":"https:\/\/analyse.optim.biz\/index.php?rest_route=%2Fwp%2Fv2%2Fmedia&parent=361600"}],"wp:term":[{"taxonomy":"category","embeddable":true,"href":"https:\/\/analyse.optim.biz\/index.php?rest_route=%2Fwp%2Fv2%2Fcategories&post=361600"},{"taxonomy":"post_tag","embeddable":true,"href":"https:\/\/analyse.optim.biz\/index.php?rest_route=%2Fwp%2Fv2%2Ftags&post=361600"}],"curies":[{"name":"wp","href":"https:\/\/api.w.org\/{rel}","templated":true}]}}