{"id":361513,"date":"2017-06-04T04:04:00","date_gmt":"2017-06-04T01:04:00","guid":{"rendered":"https:\/\/analyse.optim.biz\/?p=361513"},"modified":"2017-06-04T04:04:00","modified_gmt":"2017-06-04T01:04:00","slug":"presedintele-iohannis-incepe-vizita-in-sua-seful-de-stat-roman-va-fi-primit-de-donald-trump-la-casa-alba","status":"publish","type":"post","link":"https:\/\/analyse.optim.biz\/?p=361513","title":{"rendered":"Pre\u015fedintele Iohannis \u00eencepe vizit\u0103 \u00een SUA. \u015eeful de stat rom\u00e2n va fi primit de Donald Trump la Casa Alb\u0103"},"content":{"rendered":"<div class=\"description\" data-key=\"description\">Pre\u015fedintele Klaus Iohannis pleac\u0103 duminic\u0103, pentru \u015fase zile, \u00een Statele Unite ale Americii, \u00eentr-o vizit\u0103 \u00een care se va \u00eent\u00e2lni, la Casa Alb\u0103, cu omologul s\u0103u american Donald Trump \u015fi va primi, din partea American Jewish Committee, distinc\u0163ia \u201eLight Unto the Nations. Iohannis este primul lider est-european care va fi primit \u00een SUA de c\u0103tre Trump.<\/div>\n<div class=\"articleBody\" data-key=\"articleBody\">Pre\u015fedintele Klaus Iohannis pleac\u0103 duminic\u0103, pentru \u015fase zile, \u00een Statele Unite ale Americii, \u00eentr-o vizit\u0103 \u00een care se va \u00eent\u00e2lni, la Casa Alb\u0103, cu omologul s\u0103u american Donald Trump \u015fi va primi, din partea American Jewish Committee, distinc\u0163ia \u201eLight Unto the Nations. Iohannis este primul lider est-european care va fi primit \u00een SUA de c\u0103tre Trump.<\/p>\n<p>Vizita pre\u015fedintelui Klaus Iohannis \u00een SUA a fost anun\u0163at\u0103 joi noapte.<\/p>\n<p>&#8220;Pre\u015fedintele Rom\u00e2niei, domnul Klaus Iohannis, va efectua \u00een perioada 4-9 iunie a.c. o vizit\u0103 \u00een Statele Unite ale Americii.. Elementul central al acestei vizite este constituit de \u00eentrevederea oficial\u0103 a Pre\u015fedintelui Rom\u00e2niei, domnul Klaus Iohannis, cu Pre\u015fedintele Statelor Unite ale Americii, domnul Donald J. Trump, \u00een data de 9 iunie a.c&#8221;, anun\u0163a un comunicat al Pre\u015fedin\u0163iei, care preciza c\u0103 \u00eentrevederea &#8220;va fi un excelent prilej pentru a discuta perspectivele de aprofundare \u015fi extindere a Parteneriatului Strategic dintre Rom\u00e2nia \u015fi Statele Unite, pe toate palierele relevante, inclusiv \u00een contextul \u00een care \u00een acest an se \u00eemplinesc 20 de ani de la lansarea acestuia&#8221;.<\/p>\n<p>Iohannis a afirmat, joi, pe Facebook, c\u0103 se va \u00eent\u00e2lni cu pre\u015fedintele american Donald Trump pe 9 iunie pentru a discuta despre aprofundarea Parteneriatului Strategic rom\u00e2no-american \u015fi despre \u201dreconfirmarea angajamentului ferm al Rom\u00e2niei de a r\u0103m\u00e2ne un aliat de \u00eencredere al Statelor Unite\u201d.<\/p>\n<p>Iohannis a ata\u015fat post\u0103rii o fotografie a sa \u015fi a lui Trump, f\u0103cut\u0103 la recenta reuniune a liderilor din \u0163\u0103rile NATO.<\/p>\n<p>Cu ocazia deplas\u0103rii la Washington, Pre\u015fedintele Rom\u00e2niei va participa, \u00een data de 5 iunie, \u00een calitate de invitat de onoare, la Forumul Global al American Jewish Committee (AJC), care are peste 110 ani de existen\u0163\u0103 \u015fi va primi distinc\u0163ia \u201eLight Unto the Nations\u201d, cea mai \u00eenalt\u0103 distinc\u0163ie a organiza\u0163iei care se decerneaz\u0103 unor \u015fefi de stat sau de guvern \u00een semn de recunoa\u015ftere pentru impactul interna\u0163ional important \u00een domeniul p\u0103cii, securit\u0103\u0163ii, democra\u0163iei, promov\u0103rii valorilor umane.<\/p>\n<p>Iohannis va sus\u0163ine \u015fi un discurs cu aceast\u0103 ocazie.<\/p>\n<p>&#8220;American Jewish Committee a eviden\u0163iat, \u00een decizia de acordare a distinc\u0163iei, faptul c\u0103 a hot\u0103r\u00e2t onorarea Pre\u015fedintelui Klaus Iohannis pentru ac\u0163iunea sa de \u201elider dedicat \u00eent\u0103ririi democra\u0163iei \u015fi a statului de drept \u00een Rom\u00e2nia, (\u2026) pentru eforturile sale de a combate anti-semitismul \u015fi pentru a aprofunda leg\u0103turile dintre Rom\u00e2nia \u015fi SUA, precum \u015fi \u00eentre Rom\u00e2nia \u015fi Israel\u201d. Acordarea acestei distinc\u0163ii a mai avut \u00een vedere rolul \u0163\u0103rii noastre \u00een cadrul Uniunii Europene \u015fi al dialogului transatlantic, \u00een men\u0163inerea securit\u0103\u0163ii regionale \u015fi globale, dar \u015fi realiz\u0103rile recent \u00eencheiatei pre\u015fedin\u0163ii-\u00een-exerci\u0163iu rom\u00e2ne a Alian\u0163ei Interna\u0163ionale pentru Memoria Holocaustului (IHRA)&#8221;, men\u0163ioneaz\u0103 Pre\u015fedin\u0163ia.<\/p>\n<p>Distinc\u0163ia va fi prezentat\u0103, cu ocazia unui moment special, \u00een cadrul Forumului Global, World Leaders Plenary. La Forumul Global, care se desf\u0103\u015foar\u0103 \u00een perioada 4-6 iunie a.c., vor lua parte peste 2.500 de participan\u0163i din 70 de \u0163\u0103ri.<\/p>\n<p>\u201eLight Unto the Nations\u201d a mai fost acordat\u0103 unor lideri marcan\u0163i, cum ar fi cancelarul german Angela Merkel, pre\u015fedintele Fran\u0163ei Nicolas Sarkozy, pre\u015fedintele Statelor Unite ale Americii Bill Clinton, precum \u015fi altor \u015fefi de stat din Europa \u015fi America Latin\u0103.<\/p>\n<p>Vizita la Washington mai cuprinde \u015fi alte elemente de program, inclusiv o \u00eent\u00e2lnire cu reprezentan\u0163ii comunit\u0103\u0163ii de rom\u00e2ni din SUA.<\/p>\n<p>Klaus Iohannis este primul lider din Europa de Est care este primit de pre\u015fedintele american Donald Trump.<\/p>\n<p>Sursa: News.ro\n<\/p><\/div>\n<p> Source URL: https:\/\/observatornews.ro\/politic\/presedintele-iohannis-incepe-vizita-in-sua-seful-de-stat-roman-va-fi-primit-de-donald-trump-la-casa-alba-212214.html<\/p>\n","protected":false},"excerpt":{"rendered":"<p>Pre\u015fedintele Klaus Iohannis pleac\u0103 duminic\u0103, pentru \u015fase zile, \u00een Statele Unite ale Americii, \u00eentr-o vizit\u0103 \u00een care se va \u00eent\u00e2lni, la Casa Alb\u0103, cu omologul s\u0103u american Donald Trump \u015fi va primi, din partea American Jewish Committee, distinc\u0163ia \u201eLight Unto the Nations. Iohannis este primul lider est-european care va fi primit \u00een SUA de c\u0103tre [&hellip;]<\/p>\n","protected":false},"author":1,"featured_media":361514,"comment_status":"open","ping_status":"","sticky":false,"template":"","format":"standard","meta":{"footnotes":""},"categories":[2],"tags":[30],"class_list":["post-361513","post","type-post","status-publish","format-standard","has-post-thumbnail","hentry","category-politics","tag-observatornews-ro"],"_links":{"self":[{"href":"https:\/\/analyse.optim.biz\/index.php?rest_route=\/wp\/v2\/posts\/361513","targetHints":{"allow":["GET"]}}],"collection":[{"href":"https:\/\/analyse.optim.biz\/index.php?rest_route=\/wp\/v2\/posts"}],"about":[{"href":"https:\/\/analyse.optim.biz\/index.php?rest_route=\/wp\/v2\/types\/post"}],"author":[{"embeddable":true,"href":"https:\/\/analyse.optim.biz\/index.php?rest_route=\/wp\/v2\/users\/1"}],"replies":[{"embeddable":true,"href":"https:\/\/analyse.optim.biz\/index.php?rest_route=%2Fwp%2Fv2%2Fcomments&post=361513"}],"version-history":[{"count":0,"href":"https:\/\/analyse.optim.biz\/index.php?rest_route=\/wp\/v2\/posts\/361513\/revisions"}],"wp:featuredmedia":[{"embeddable":true,"href":"https:\/\/analyse.optim.biz\/index.php?rest_route=\/wp\/v2\/media\/361514"}],"wp:attachment":[{"href":"https:\/\/analyse.optim.biz\/index.php?rest_route=%2Fwp%2Fv2%2Fmedia&parent=361513"}],"wp:term":[{"taxonomy":"category","embeddable":true,"href":"https:\/\/analyse.optim.biz\/index.php?rest_route=%2Fwp%2Fv2%2Fcategories&post=361513"},{"taxonomy":"post_tag","embeddable":true,"href":"https:\/\/analyse.optim.biz\/index.php?rest_route=%2Fwp%2Fv2%2Ftags&post=361513"}],"curies":[{"name":"wp","href":"https:\/\/api.w.org\/{rel}","templated":true}]}}