{"id":361511,"date":"2017-06-04T11:51:00","date_gmt":"2017-06-04T08:51:00","guid":{"rendered":"https:\/\/analyse.optim.biz\/?p=361511"},"modified":"2017-06-04T11:51:00","modified_gmt":"2017-06-04T08:51:00","slug":"tariceanu-despre-vizita-lui-iohannis-in-sua-rezultatele-intalnirilor-vor-trebui-discutate-si-in-parlament","status":"publish","type":"post","link":"https:\/\/analyse.optim.biz\/?p=361511","title":{"rendered":"T\u0103riceanu, despre vizita lui Iohannis \u00een SUA: &#8220;Rezultatele \u00eent\u00e2lnirilor vor trebui discutate \u015fi \u00een Parlament&#8221;"},"content":{"rendered":"<div class=\"description\" data-key=\"description\">Pre\u015fedintele Senatului, C\u0103lin Popescu T\u0103riceanu, afirm\u0103 c\u0103 vizita lui Klaus Iohannis \u00een SUA este un eveniment &#8220;deosebit de pozitiv&#8221;, dar crede c\u0103 rezultatele \u00eent\u00e2lnirilor \u015fefului statului de la Washington vor trebui discutate \u015fi \u00een Parlament, pentru a le conferi legitimitate.<\/div>\n<div class=\"articleBody\" data-key=\"articleBody\">Pre\u015fedintele Senatului, C\u0103lin Popescu T\u0103riceanu, afirm\u0103 c\u0103 vizita lui Klaus Iohannis \u00een SUA este un eveniment &#8220;deosebit de pozitiv&#8221;, dar crede c\u0103 rezultatele \u00eent\u00e2lnirilor \u015fefului statului de la Washington vor trebui discutate \u015fi \u00een Parlament, pentru a le conferi legitimitate.<\/p>\n<p>&#8220;Doresc s\u0103 exprim aprecierea c\u0103 vizita pe care o va face Pre\u015fedintele Rom\u00e2niei la Washington este un eveniment deosebit de pozitiv. Totodat\u0103, \u00een numele celor pe care \u00eei reprezint, am speran\u0163a c\u0103 rezultatele \u00eent\u00e2lnirilor oficiale programate vor stimula pe termen mediu \u015fi lung cooperarea pe multiple planuri dintre \u0163ara noastr\u0103 \u015fi Statele Unite \u00een cadrul Parteneriatului Strategic&#8221;, spune T\u0103riceanu, potrivit unui comunicat de pres\u0103.<\/p>\n<p>El arat\u0103 c\u0103 partidele \u015fi politicienii au manifestat solidaritate \u015fi consens \u00een privin\u0163a direc\u0163iilor majore ale politicii externe, care, pentru prestigiul \u015fi credibilitatea Rom\u00e2niei, trebuie sus\u0163inute indiferent de componen\u0163a majorit\u0103\u0163ii parlamentare.<\/p>\n<p>&#8220;Merg\u00e2nd pe aceast\u0103 logic\u0103, consider c\u0103 obiectivele, care vor rezulta pentru cele dou\u0103 p\u0103r\u0163i \u00een urma \u00eentrevederilor oficiale de la Washington, vor trebui supuse unor dezbateri ample, mai cu seam\u0103 \u00een cadrul democratic al Parlamentului, dar \u015fi sub egida Administra\u0163iei Preziden\u0163iale, pentru ca legitimitatea, continuitatea \u015fi predictibilitatea deciziilor majore de politic\u0103 extern\u0103 pe termen mediu \u015fi lung s\u0103 fie mai presus de ciclurile electorale \u015fi de orice partizanat politic intern&#8221;, afirm\u0103 \u015feful Senatului.<\/p>\n<p>Pre\u015fedintele Klaus Iohannis pleac\u0103 duminic\u0103, pentru \u015fase zile, \u00een Statele Unite ale Americii, \u00eentr-o vizit\u0103 \u00een care se va \u00eent\u00e2lni, la Casa Alb\u0103, cu omologul s\u0103u american Donald Trump \u015fi va primi, din partea American Jewish Committee, distinc\u0163ia \u201eLight Unto the Nations. Iohannis este primul lider est-european care va fi primit \u00een SUA de c\u0103tre Trump.<\/p>\n<p>Sursa: News.ro\n<\/p><\/div>\n<p> Source URL: https:\/\/observatornews.ro\/politic\/tariceanu-despre-vizita-lui-iohannis-in-sua-rezultatele-intalnirilor-vor-trebui-discutate-si-in-parlament-212254.html<\/p>\n","protected":false},"excerpt":{"rendered":"<p>Pre\u015fedintele Senatului, C\u0103lin Popescu T\u0103riceanu, afirm\u0103 c\u0103 vizita lui Klaus Iohannis \u00een SUA este un eveniment &#8220;deosebit de pozitiv&#8221;, dar crede c\u0103 rezultatele \u00eent\u00e2lnirilor \u015fefului statului de la Washington vor trebui discutate \u015fi \u00een Parlament, pentru a le conferi legitimitate. Pre\u015fedintele Senatului, C\u0103lin Popescu T\u0103riceanu, afirm\u0103 c\u0103 vizita lui Klaus Iohannis \u00een SUA este un [&hellip;]<\/p>\n","protected":false},"author":1,"featured_media":361512,"comment_status":"open","ping_status":"","sticky":false,"template":"","format":"standard","meta":{"footnotes":""},"categories":[2],"tags":[30],"class_list":["post-361511","post","type-post","status-publish","format-standard","has-post-thumbnail","hentry","category-politics","tag-observatornews-ro"],"_links":{"self":[{"href":"https:\/\/analyse.optim.biz\/index.php?rest_route=\/wp\/v2\/posts\/361511","targetHints":{"allow":["GET"]}}],"collection":[{"href":"https:\/\/analyse.optim.biz\/index.php?rest_route=\/wp\/v2\/posts"}],"about":[{"href":"https:\/\/analyse.optim.biz\/index.php?rest_route=\/wp\/v2\/types\/post"}],"author":[{"embeddable":true,"href":"https:\/\/analyse.optim.biz\/index.php?rest_route=\/wp\/v2\/users\/1"}],"replies":[{"embeddable":true,"href":"https:\/\/analyse.optim.biz\/index.php?rest_route=%2Fwp%2Fv2%2Fcomments&post=361511"}],"version-history":[{"count":0,"href":"https:\/\/analyse.optim.biz\/index.php?rest_route=\/wp\/v2\/posts\/361511\/revisions"}],"wp:featuredmedia":[{"embeddable":true,"href":"https:\/\/analyse.optim.biz\/index.php?rest_route=\/wp\/v2\/media\/361512"}],"wp:attachment":[{"href":"https:\/\/analyse.optim.biz\/index.php?rest_route=%2Fwp%2Fv2%2Fmedia&parent=361511"}],"wp:term":[{"taxonomy":"category","embeddable":true,"href":"https:\/\/analyse.optim.biz\/index.php?rest_route=%2Fwp%2Fv2%2Fcategories&post=361511"},{"taxonomy":"post_tag","embeddable":true,"href":"https:\/\/analyse.optim.biz\/index.php?rest_route=%2Fwp%2Fv2%2Ftags&post=361511"}],"curies":[{"name":"wp","href":"https:\/\/api.w.org\/{rel}","templated":true}]}}