{"id":361508,"date":"2017-06-04T19:18:00","date_gmt":"2017-06-04T16:18:00","guid":{"rendered":"https:\/\/analyse.optim.biz\/?p=361508"},"modified":"2017-06-04T19:18:00","modified_gmt":"2017-06-04T16:18:00","slug":"gabriela-firea-grindeanu-nu-se-mai-consulta-cu-dragnea-ca-la-inceput-avem-o-relatie-mai-proasta-decat-pe-vremea-tehnocratilor","status":"publish","type":"post","link":"https:\/\/analyse.optim.biz\/?p=361508","title":{"rendered":"Gabriela Firea: &#8220;Grindeanu nu se mai consult\u0103 cu DRAGNEA ca la \u00eenceput. Avem o RELA\u021aIE MAI PROAST\u0102 dec\u00e2t pe vremea tehnocra\u0163ilor&#8221;"},"content":{"rendered":"<div class=\"description\" data-key=\"description\">Primarul Capitalei, Gabriela Firea, a declarat, duminic\u0103, la Antena 3, c\u0103 pre\u015fedintele PSD, Liviu Dragnea, a acuzat c\u0103 nu se mai consult\u0103 cu premierul Sorin Grindeanu &#8220;ca la \u00eenceput&#8221;, d\u00e2nd exemple de proast\u0103 colaborare cu Guvernul la nivelul Prim\u0103riei, unde proiectele &#8220;se lovesc de un zid&#8221;, iar rela\u0163ia Executivului cu administra\u0163ia local\u0103 este &#8220;mai proast\u0103&#8221; dec\u00e2t pe vremea Cabinetului Ciolo\u015f, scrie News.ro<\/div>\n<div class=\"articleBody\" data-key=\"articleBody\">Primarul Capitalei, Gabriela Firea, a declarat, duminic\u0103, la Antena 3, c\u0103 pre\u015fedintele PSD, Liviu Dragnea, a acuzat c\u0103 nu se mai consult\u0103 cu premierul Sorin Grindeanu &#8220;ca la \u00eenceput&#8221;, d\u00e2nd exemple de proast\u0103 colaborare cu Guvernul la nivelul Prim\u0103riei, unde proiectele &#8220;se lovesc de un zid&#8221;, iar rela\u0163ia Executivului cu administra\u0163ia local\u0103 este &#8220;mai proast\u0103&#8221; dec\u00e2t pe vremea Cabinetului Ciolo\u015f, scrie News.ro<\/p>\n<p>&#8220;Privesc \u015fi eu cu aten\u0163ie \u015fi pu\u0163in\u0103 \u00eengrijorare faptul c\u0103 domnul pre\u015fedinte a explicat c\u0103 premierul nu se mai consult\u0103 la fel de des cu el ca la \u00eenceput, c\u0103 nu se mai \u00eent\u00e2lnesc la fel de des ca la \u00eenceput. Motivele pentru care sunt \u00een aceast\u0103 situa\u0163ie nu le cunosc, dar m\u0103 \u00eengrjioreaz\u0103 faptul c\u0103 premierul nu mai are timp s\u0103 se \u00eent\u00e2lneasc\u0103 cu pre\u015fedintele partidului&#8221;, a spus Firea.<\/p>\n<p>Ea a vorbit \u015fi despre rela\u0163ia Guvernului cu administra\u0163ia local\u0103, \u00een special cu Prim\u0103ria Capitalei, unde Executivul nu ar ajuta-o.<\/p>\n<p>&#8220;Tot ceea ce solicit\u0103 Prim\u0103ria Capitalei c\u0103tre Guvern se love\u015fte ca de un zid. Avem o rela\u0163ie mai proast\u0103 dec\u00e2t pe vremea tehnocra\u0163ilor&#8221;, a spus Firea.<\/p>\n<p>Primarul Capitalei a acuzat c\u0103 Executivul refuz\u0103 s\u0103 sprijine administra\u0163ia \u00een domenii precum Centura Bucure\u015ftiului \u015fi administrarea metroului.<\/p>\n<p>&#8220;Vreau doar s\u0103 punctez legat de reac\u0163ia unora dintre membrii Cabinetului la problemele Bucure\u015ftiului. O Capital\u0103 bine administrat\u0103 \u00eenseamn\u0103 o \u0163ar\u0103 bine administrat\u0103. (&#8230;) Dac\u0103 solicit sprijin guvernamental nu o fac pentru mine. (&#8230;) Sunt surprins\u0103 c\u0103 exist\u0103 o reac\u0163ie ori \u00eenceat\u0103, ori de refuz, din partea reprezentan\u0163ilor unor ministere, care pur \u015fi simplu pun \u00een dificultate Prim\u0103ria Capitalei&#8221;, a spus Gabriela Firea.<\/p>\n<p>Ea a spus c\u0103, dac\u0103 Guvernul nu intervine, se va ocupa de probleme Prim\u0103ria.<\/p>\n<p>Surs\u0103: News.ro\n<\/p><\/div>\n<p> Source URL: https:\/\/observatornews.ro\/politic\/gabriela-firea-grindeanu-nu-se-mai-consulta-cu-dragnea-ca-la-inceput-avem-o-relatie-mai-proasta-decat-pe-vremea-tehnocratilor-212303.html<\/p>\n","protected":false},"excerpt":{"rendered":"<p>Primarul Capitalei, Gabriela Firea, a declarat, duminic\u0103, la Antena 3, c\u0103 pre\u015fedintele PSD, Liviu Dragnea, a acuzat c\u0103 nu se mai consult\u0103 cu premierul Sorin Grindeanu &#8220;ca la \u00eenceput&#8221;, d\u00e2nd exemple de proast\u0103 colaborare cu Guvernul la nivelul Prim\u0103riei, unde proiectele &#8220;se lovesc de un zid&#8221;, iar rela\u0163ia Executivului cu administra\u0163ia local\u0103 este &#8220;mai proast\u0103&#8221; [&hellip;]<\/p>\n","protected":false},"author":1,"featured_media":361510,"comment_status":"open","ping_status":"","sticky":false,"template":"","format":"standard","meta":{"footnotes":""},"categories":[2],"tags":[30],"class_list":["post-361508","post","type-post","status-publish","format-standard","has-post-thumbnail","hentry","category-politics","tag-observatornews-ro"],"_links":{"self":[{"href":"https:\/\/analyse.optim.biz\/index.php?rest_route=\/wp\/v2\/posts\/361508","targetHints":{"allow":["GET"]}}],"collection":[{"href":"https:\/\/analyse.optim.biz\/index.php?rest_route=\/wp\/v2\/posts"}],"about":[{"href":"https:\/\/analyse.optim.biz\/index.php?rest_route=\/wp\/v2\/types\/post"}],"author":[{"embeddable":true,"href":"https:\/\/analyse.optim.biz\/index.php?rest_route=\/wp\/v2\/users\/1"}],"replies":[{"embeddable":true,"href":"https:\/\/analyse.optim.biz\/index.php?rest_route=%2Fwp%2Fv2%2Fcomments&post=361508"}],"version-history":[{"count":0,"href":"https:\/\/analyse.optim.biz\/index.php?rest_route=\/wp\/v2\/posts\/361508\/revisions"}],"wp:featuredmedia":[{"embeddable":true,"href":"https:\/\/analyse.optim.biz\/index.php?rest_route=\/wp\/v2\/media\/361510"}],"wp:attachment":[{"href":"https:\/\/analyse.optim.biz\/index.php?rest_route=%2Fwp%2Fv2%2Fmedia&parent=361508"}],"wp:term":[{"taxonomy":"category","embeddable":true,"href":"https:\/\/analyse.optim.biz\/index.php?rest_route=%2Fwp%2Fv2%2Fcategories&post=361508"},{"taxonomy":"post_tag","embeddable":true,"href":"https:\/\/analyse.optim.biz\/index.php?rest_route=%2Fwp%2Fv2%2Ftags&post=361508"}],"curies":[{"name":"wp","href":"https:\/\/api.w.org\/{rel}","templated":true}]}}