{"id":361269,"date":"2017-06-06T18:25:00","date_gmt":"2017-06-06T15:25:00","guid":{"rendered":"https:\/\/analyse.optim.biz\/?p=361269"},"modified":"2017-06-06T18:25:00","modified_gmt":"2017-06-06T15:25:00","slug":"usr-cere-demisia-olgutei-vasilescu-ce-acuzatii-ii-aduc-usr-istii-ministrului-muncii","status":"publish","type":"post","link":"https:\/\/analyse.optim.biz\/?p=361269","title":{"rendered":"USR cere DEMISIA Olgu\u0163ei Vasilescu! Ce acuza\u0163ii \u00eei aduc USR-i\u015ftii ministrului Muncii"},"content":{"rendered":"<div class=\"description\" data-key=\"description\">USR cere demisia ministrului Muncii, Olgu\u021ba Vasilescu, pe motiv c\u0103 &#8220;legea salariz\u0103rii unitare este o lege f\u0103cut\u0103 pe genunchi, care a reu\u0219it performan\u021ba s\u0103 nemul\u021bumeasc\u0103 pe toat\u0103 lumea&#8221;. Potrivit unui comunicat transmis mar\u021bi AGERPRES, decizia de am\u00e2nare a major\u0103rilor salariale din sectorul bugetar &#8220;arat\u0103 degringolada din finan\u021bele publice ale Rom\u00e2niei \u0219i incompeten\u021ba ministrului Muncii, Olgu\u021ba Vasilescu&#8221;.<\/div>\n<div class=\"articleBody\" data-key=\"articleBody\">USR cere demisia ministrului Muncii, Olgu\u021ba Vasilescu, pe motiv c\u0103 &#8220;legea salariz\u0103rii unitare este o lege f\u0103cut\u0103 pe genunchi, care a reu\u0219it performan\u021ba s\u0103 nemul\u021bumeasc\u0103 pe toat\u0103 lumea&#8221;. Potrivit unui comunicat transmis mar\u021bi AGERPRES, decizia de am\u00e2nare a major\u0103rilor salariale din sectorul bugetar &#8220;arat\u0103 degringolada din finan\u021bele publice ale Rom\u00e2niei \u0219i incompeten\u021ba ministrului Muncii, Olgu\u021ba Vasilescu&#8221;.<\/p>\n<p>&#8220;Ca urmare, USR a cerut, mar\u021bi, \u00een cadrul \u0219edin\u021bei Comisiei pentru munc\u0103 \u0219i protec\u021bie social\u0103, demisia ministrului Olgu\u021ba Vasilescu pentru modul \u00een care o lege de asemenea importan\u021b\u0103 a fost (ne)coordonat\u0103 \u0219i dezb\u0103tut\u0103&#8221;, precizeaz\u0103 sursa citat\u0103.<\/p>\n<p>USR sus\u021bine c\u0103 rom\u00e2nii au aflat c\u0103 &#8220;au fost min\u021bi\u021bi \u00eenc\u0103 o dat\u0103 de coali\u021bia PSD-ALDE&#8221;, care a promis, at\u00e2t \u00een campania electoral\u0103, c\u00e2t \u0219i dup\u0103 preluarea guvern\u0103rii, c\u0103 salariile bugetarilor se vor majora cu p\u00e2n\u0103 la 100% \u0219i chiar mai mult.<\/p>\n<p>&#8220;Dou\u0103 categorii de personal bugetar, dintre cele mai importante din sectorul public, angaja\u021bii din S\u0103n\u0103tate \u0219i Educa\u021bie au aflat ast\u0103zi c\u0103 major\u0103rile salariale de 50%-100% promise a se aplica de la 1 ianuarie 2018 devin de doar 25% pentru to\u021bi angaja\u021bii din sectorul public. Totodat\u0103, potrivit declara\u021biei ministrului Muncii, Lia Olgu\u021ba Vasilescu, nu vor mai avea loc nici cre\u0219terile salariale care trebuiau s\u0103 fie aplicate de la 1 iulie \u00een acest an, de 20% pentru personalul militar \u0219i de 5% pentru angaja\u021bii din Poli\u021bie sau pentru salaria\u021bii din administra\u021bia public\u0103 local\u0103&#8221;, mai arat\u0103 sursa citat\u0103.<\/p>\n<p>Potrivit comunicatului, Uniunea Salva\u021bi Rom\u00e2nia a solicitat date oficiale coerente \u0219i fundamentate cu privire la modul de aplicare a legii salariz\u0103rii \u00een sectorul public, dar aceste cifre nu au fost furnizate niciodat\u0103. &#8220;Acest lucru arat\u0103 nu numai desconsiderarea Guvernului fa\u021b\u0103 de solicit\u0103rile noastre \u0219i ale opiniei publice, dar \u0219i incompeten\u021ba acestuia \u00een colectarea \u0219i analiza acestor date&#8221;, apreciaz\u0103 USR.<\/p>\n<p>&#8216;Avem practic o lege f\u0103cut\u0103 pe genunchi care a reu\u0219it s\u0103 nemul\u021bumeasc\u0103 pe toat\u0103 lumea. Nu suntem \u00eempotriva major\u0103rilor salariale, \u00eens\u0103 acestea trebuie realizate \u00eentr-un mod care s\u0103 nu destabilizeze bugetul \u021b\u0103rii \u0219i s\u0103 aib\u0103 coeren\u021b\u0103. Orice lege a salariz\u0103rii unitare trebuie s\u0103 \u021bin\u0103 cont de resursele bugetare. Este p\u0103cat pentru speran\u021bele create milioanelor de rom\u00e2ni c\u0103 PSD \u0219i ALDE afl\u0103 abia acum acest adev\u0103r. Pentru un proiect at\u00e2t de important, ne a\u0219tept\u0103m la alte r\u0103zg\u00e2ndiri ale coali\u021biei de guvernare p\u00e2n\u0103 la adoptarea legii \u0219i la cine \u0219tie c\u00e2te ordonan\u021be de urgen\u021b\u0103 de modificare a ei, ulterior adopt\u0103rii, c\u00e2nd se va constata c\u0103 promisiunile electorale de major\u0103ri salariale nu au leg\u0103tur\u0103 cu realitatea economic\u0103&#8217;, a declarat Cristian Seidler, deputat USR \u0219i membru \u00een Comisia de munc\u0103 din Camera Deputa\u021bilor, citat \u00een comunicat.<\/p>\n<p>Surs\u0103: Agerpres\n<\/p><\/div>\n<p> Source URL: https:\/\/observatornews.ro\/politic\/usr-cere-demisia-olgutei-vasilescu-212540.html<\/p>\n","protected":false},"excerpt":{"rendered":"<p>USR cere demisia ministrului Muncii, Olgu\u021ba Vasilescu, pe motiv c\u0103 &#8220;legea salariz\u0103rii unitare este o lege f\u0103cut\u0103 pe genunchi, care a reu\u0219it performan\u021ba s\u0103 nemul\u021bumeasc\u0103 pe toat\u0103 lumea&#8221;. Potrivit unui comunicat transmis mar\u021bi AGERPRES, decizia de am\u00e2nare a major\u0103rilor salariale din sectorul bugetar &#8220;arat\u0103 degringolada din finan\u021bele publice ale Rom\u00e2niei \u0219i incompeten\u021ba ministrului Muncii, Olgu\u021ba [&hellip;]<\/p>\n","protected":false},"author":1,"featured_media":361270,"comment_status":"open","ping_status":"","sticky":false,"template":"","format":"standard","meta":{"footnotes":""},"categories":[2],"tags":[30],"class_list":["post-361269","post","type-post","status-publish","format-standard","has-post-thumbnail","hentry","category-politics","tag-observatornews-ro"],"_links":{"self":[{"href":"https:\/\/analyse.optim.biz\/index.php?rest_route=\/wp\/v2\/posts\/361269","targetHints":{"allow":["GET"]}}],"collection":[{"href":"https:\/\/analyse.optim.biz\/index.php?rest_route=\/wp\/v2\/posts"}],"about":[{"href":"https:\/\/analyse.optim.biz\/index.php?rest_route=\/wp\/v2\/types\/post"}],"author":[{"embeddable":true,"href":"https:\/\/analyse.optim.biz\/index.php?rest_route=\/wp\/v2\/users\/1"}],"replies":[{"embeddable":true,"href":"https:\/\/analyse.optim.biz\/index.php?rest_route=%2Fwp%2Fv2%2Fcomments&post=361269"}],"version-history":[{"count":0,"href":"https:\/\/analyse.optim.biz\/index.php?rest_route=\/wp\/v2\/posts\/361269\/revisions"}],"wp:featuredmedia":[{"embeddable":true,"href":"https:\/\/analyse.optim.biz\/index.php?rest_route=\/wp\/v2\/media\/361270"}],"wp:attachment":[{"href":"https:\/\/analyse.optim.biz\/index.php?rest_route=%2Fwp%2Fv2%2Fmedia&parent=361269"}],"wp:term":[{"taxonomy":"category","embeddable":true,"href":"https:\/\/analyse.optim.biz\/index.php?rest_route=%2Fwp%2Fv2%2Fcategories&post=361269"},{"taxonomy":"post_tag","embeddable":true,"href":"https:\/\/analyse.optim.biz\/index.php?rest_route=%2Fwp%2Fv2%2Ftags&post=361269"}],"curies":[{"name":"wp","href":"https:\/\/api.w.org\/{rel}","templated":true}]}}