{"id":361267,"date":"2017-06-06T18:30:00","date_gmt":"2017-06-06T15:30:00","guid":{"rendered":"https:\/\/analyse.optim.biz\/?p=361267"},"modified":"2017-06-06T18:30:00","modified_gmt":"2017-06-06T15:30:00","slug":"declaratie-de-ultima-ora-facuta-de-dragnea-privind-remanierea-lui-sorin-grindeanu-video","status":"publish","type":"post","link":"https:\/\/analyse.optim.biz\/?p=361267","title":{"rendered":"DECLARA\u0162IE de ultim\u0103 or\u0103 f\u0103cut\u0103 de Dragnea privind REMANIEREA lui Sorin Grindeanu (VIDEO)"},"content":{"rendered":"<div class=\"description\" data-key=\"description\">Pre\u0219edintele PSD Liviu Dragnea a vorbit \u00een emisiunea \u201eSinteza zilei\u201d, de la Antena 3, despre o posibil\u0103 remaniere a lui Sorin Grindeanu.<\/div>\n<div class=\"articleBody\" data-key=\"articleBody\">Pre\u0219edintele PSD Liviu Dragnea a vorbit \u00een emisiunea \u201eSinteza zilei\u201d, de la Antena 3, despre o posibil\u0103 remaniere a lui Sorin Grindeanu.<\/p>\n<p>\u00centrebat dac\u0103 vrea s\u0103 \u00eel schimbe pe premierul Sorin Grindeanu, pre\u0219edintele PSD a r\u0103spuns negativ.<\/p>\n<p>\u201eEu nu am avut de g\u00e2nd \u0219i nu am de g\u00e2nd s\u0103 \u00eel schimb pe premierul Grindeanu\u201d, a precizat Liviu\u00a0Dragnea.<\/p>\n<\/div>\n<p> Source URL: https:\/\/observatornews.ro\/politic\/declaratie-de-ultima-ora-facuta-de-dragnea-privind-remanierea-lui-sorin-grindeanu-212541.html<\/p>\n","protected":false},"excerpt":{"rendered":"<p>Pre\u0219edintele PSD Liviu Dragnea a vorbit \u00een emisiunea \u201eSinteza zilei\u201d, de la Antena 3, despre o posibil\u0103 remaniere a lui Sorin Grindeanu. Pre\u0219edintele PSD Liviu Dragnea a vorbit \u00een emisiunea \u201eSinteza zilei\u201d, de la Antena 3, despre o posibil\u0103 remaniere a lui Sorin Grindeanu. \u00centrebat dac\u0103 vrea s\u0103 \u00eel schimbe pe premierul Sorin Grindeanu, pre\u0219edintele [&hellip;]<\/p>\n","protected":false},"author":1,"featured_media":361268,"comment_status":"open","ping_status":"","sticky":false,"template":"","format":"standard","meta":{"footnotes":""},"categories":[2],"tags":[30],"class_list":["post-361267","post","type-post","status-publish","format-standard","has-post-thumbnail","hentry","category-politics","tag-observatornews-ro"],"_links":{"self":[{"href":"https:\/\/analyse.optim.biz\/index.php?rest_route=\/wp\/v2\/posts\/361267","targetHints":{"allow":["GET"]}}],"collection":[{"href":"https:\/\/analyse.optim.biz\/index.php?rest_route=\/wp\/v2\/posts"}],"about":[{"href":"https:\/\/analyse.optim.biz\/index.php?rest_route=\/wp\/v2\/types\/post"}],"author":[{"embeddable":true,"href":"https:\/\/analyse.optim.biz\/index.php?rest_route=\/wp\/v2\/users\/1"}],"replies":[{"embeddable":true,"href":"https:\/\/analyse.optim.biz\/index.php?rest_route=%2Fwp%2Fv2%2Fcomments&post=361267"}],"version-history":[{"count":0,"href":"https:\/\/analyse.optim.biz\/index.php?rest_route=\/wp\/v2\/posts\/361267\/revisions"}],"wp:featuredmedia":[{"embeddable":true,"href":"https:\/\/analyse.optim.biz\/index.php?rest_route=\/wp\/v2\/media\/361268"}],"wp:attachment":[{"href":"https:\/\/analyse.optim.biz\/index.php?rest_route=%2Fwp%2Fv2%2Fmedia&parent=361267"}],"wp:term":[{"taxonomy":"category","embeddable":true,"href":"https:\/\/analyse.optim.biz\/index.php?rest_route=%2Fwp%2Fv2%2Fcategories&post=361267"},{"taxonomy":"post_tag","embeddable":true,"href":"https:\/\/analyse.optim.biz\/index.php?rest_route=%2Fwp%2Fv2%2Ftags&post=361267"}],"curies":[{"name":"wp","href":"https:\/\/api.w.org\/{rel}","templated":true}]}}