{"id":361265,"date":"2017-06-06T18:53:00","date_gmt":"2017-06-06T15:53:00","guid":{"rendered":"https:\/\/analyse.optim.biz\/?p=361265"},"modified":"2017-06-06T18:53:00","modified_gmt":"2017-06-06T15:53:00","slug":"cristian-busoi-mesaj-dur-pentru-psd-legat-de-amanarea-legii-salarizarii-este-rezultatul-demagogiei-si-populismului-psd","status":"publish","type":"post","link":"https:\/\/analyse.optim.biz\/?p=361265","title":{"rendered":"Cristian BU\u015eOI, mesaj DUR pentru PSD, legat de am\u00e2narea legii salariz\u0103rii: &#8220;Este rezultatul DEMAGOGIEI \u0219i populismului PSD&#8221;"},"content":{"rendered":"<div class=\"description\" data-key=\"description\">Liberalul Cristian Bu\u0219oi, candidat la \u0219efia PNL, a declarat mar\u021bi la Craiova c\u0103 am\u00e2narea aplic\u0103rii major\u0103rilor salariale prev\u0103zute \u00een proiectul legii salariz\u0103rii personalului pl\u0103tit din fonduri publice este &#8220;rezultatul demagogiei \u0219i populismului PSD&#8221;, informeaz\u0103 Agerpres<\/div>\n<div class=\"articleBody\" data-key=\"articleBody\">Liberalul Cristian Bu\u0219oi, candidat la \u0219efia PNL, a declarat mar\u021bi la Craiova c\u0103 am\u00e2narea aplic\u0103rii major\u0103rilor salariale prev\u0103zute \u00een proiectul legii salariz\u0103rii personalului pl\u0103tit din fonduri publice este &#8220;rezultatul demagogiei \u0219i populismului PSD&#8221;, informeaz\u0103 Agerpres<\/p>\n<p>&#8220;Azi am avut o mostr\u0103 a neseriozit\u0103\u021bii PSD \u0219i a doamnei Lia Olgu\u021ba Vasilescu, persoana din Guvern care gestioneaz\u0103 chestiunea privind legea salariz\u0103rii bugetare. Faptul c\u0103 se decide o am\u00e2nare este rezultatul pe viu al demagogiei \u0219i al populismului PSD. Tot haosul, toate r\u0103zg\u00e2ndelile, toate am\u00e2n\u0103rile, pentru c\u0103 nu mai putem avea nicio \u00eencredere c\u0103 se vor \u00eent\u00e2mpla lucrurile de la 1 ianuarie sau pentru anumite categorii de la 1 martie anul viitor, arat\u0103 \u00een fapt c\u0103 aceast\u0103 lege nu este altceva dec\u00e2t o am\u0103gire, o promisiune \u0219i c\u0103 din punct de vedere bugetar, economic este nesustenabil\u0103&#8221;, a afirmat Bu\u0219oi \u00een cadrul unei conferin\u021be de pres\u0103.<\/p>\n<p>Potrivit acestuia, exist\u0103 o disput\u0103 \u00eentre liderii PSD, inclusiv pe tema legii salariz\u0103rii unitare.<\/p>\n<p>&#8220;Asist\u0103m la un lucru foarte grav: inclusiv pe acest subiect exist\u0103 o disput\u0103 \u00eentre liderii PSD, care, din p\u0103cate, se face pe seama cet\u0103\u021benilor acestei \u021b\u0103ri. Aceast\u0103 disput\u0103 \u00eentre Dragnea \u0219i Grindeanu este f\u0103r\u0103 leg\u0103tur\u0103 cu problemele oamenilor \u0219i cu priorit\u0103\u021bile guvern\u0103rii \u0219i asta nu face dec\u00e2t s\u0103 amplifice golul unei guvern\u0103ri populiste, care a ajuns s\u0103 guverneze azi printr-o fraud\u0103 de \u00eencredere, promi\u021b\u00e2nd lucruri pe care \u0219tiau c\u0103 nu le pot pune \u00een aplicare, dar f\u0103c\u00e2nd-o cu bun\u0103 \u0219tiin\u021b\u0103, cu foarte mult cinism, cu convingerea c\u0103 la un moment dat cei pe care \u00eei vor p\u0103c\u0103li vor uita c\u0103 li s-au f\u0103cut promisiuni care nu pot fi onorate. Problema rom\u00e2nilor nu este c\u0103 Dragnea se ceart\u0103 cu Grindeanu \u0219i c\u0103 o parte din liderii PSD \u00eencearc\u0103 s\u0103 schimbe primul-ministru cu oameni poate mai docili \u0219i mai servili fa\u021b\u0103 de ordinele venite de la partid, problema este c\u0103 PSD a promis c\u0103 va cre\u0219te salariile (&#8230;) \u0219i \u00een timp ce promisiune dup\u0103 promisiune se am\u00e2n\u0103, se fac noi proiec\u021bii pentru anii viitori, Ministerul de Finan\u021be continu\u0103 s\u0103 se \u00eemprumute miliard dup\u0103 miliard de euro \u0219i risipe\u0219te toat\u0103 cre\u0219terea economic\u0103 pe care o produce mediul privat \u00een Rom\u00e2nia&#8221;, a mai spus Cristian Bu\u0219oi.<\/p>\n<p>Ministrul Muncii, Lia Olgu\u021ba Vasilescu, a anun\u021bat mar\u021bi c\u0103 toate salariile bugetarilor vor cre\u0219te cu 25% de la 1 ianuarie 2018, aceasta fiind ultima variant\u0103 a proiectului Legii salariz\u0103rii unitare asupra c\u0103ruia s-a c\u0103zut de acord cu Ministerul Finan\u021belor.<\/p>\n<p>&#8220;Am avut patru variante pe care le-am discutat de diminea\u021b\u0103. Este vorba de varianta final\u0103 acum, asupra c\u0103reia am convenit cu secretarii de stat ini\u021bial de la MFP, \u0219i acum telefonic chiar \u0219i cu domnul ministru de Finan\u021be, \u00een care ar urma s\u0103 facem major\u0103ri salariale la absolut to\u021bi bugetarii cu 25% cre\u0219teri pe salariul brut \u00eencep\u00e2nd cu data de 1 ianuarie 2018, dup\u0103 care, \u00eencep\u00e2nd cu data de 1 martie (2018 \u2014 n. r.), o majorare de \u00eenc\u0103 20% pentru Educa\u021bie, care, cumulat cu cei 25% \u00eenseamn\u0103 per total o cre\u0219tere de 50%, deci exact cum am promis, \u0219i de asemenea, cu grila p\u00e2n\u0103 \u00een 2022. Pentru medici \u0219i asistente tot de la 1 martie. Practic, aceasta ar fi varianta cu care noi intr\u0103m \u00een Comisie (pentru munc\u0103 \u2014 n. r.)&#8221;, a afirmat ministrul Muncii, la Parlament.<\/p>\n<p>Mar\u021bi dup\u0103-amiaz\u0103, deputa\u021bii din Comisia pentru munc\u0103 au dat un raport favorabil cu amendamente la proiectul de lege privind salarizarea personalului bugetar.<\/p>\n<p>Legea urmeaz\u0103 s\u0103 fie dezb\u0103tut\u0103 miercuri de plenul Camerei Deputa\u021bilor, for decizional \u00een acest caz.<\/p>\n<p>Surs\u0103: Agerpres\n<\/p><\/div>\n<p> Source URL: https:\/\/observatornews.ro\/politic\/cristian-busoi-mesaj-dur-pentru-psd-legat-de-legea-salarizarii-este-rezultatul-demagogiei-si-populismului-psd-212544.html<\/p>\n","protected":false},"excerpt":{"rendered":"<p>Liberalul Cristian Bu\u0219oi, candidat la \u0219efia PNL, a declarat mar\u021bi la Craiova c\u0103 am\u00e2narea aplic\u0103rii major\u0103rilor salariale prev\u0103zute \u00een proiectul legii salariz\u0103rii personalului pl\u0103tit din fonduri publice este &#8220;rezultatul demagogiei \u0219i populismului PSD&#8221;, informeaz\u0103 Agerpres Liberalul Cristian Bu\u0219oi, candidat la \u0219efia PNL, a declarat mar\u021bi la Craiova c\u0103 am\u00e2narea aplic\u0103rii major\u0103rilor salariale prev\u0103zute \u00een proiectul [&hellip;]<\/p>\n","protected":false},"author":1,"featured_media":361266,"comment_status":"open","ping_status":"","sticky":false,"template":"","format":"standard","meta":{"footnotes":""},"categories":[2],"tags":[30],"class_list":["post-361265","post","type-post","status-publish","format-standard","has-post-thumbnail","hentry","category-politics","tag-observatornews-ro"],"_links":{"self":[{"href":"https:\/\/analyse.optim.biz\/index.php?rest_route=\/wp\/v2\/posts\/361265","targetHints":{"allow":["GET"]}}],"collection":[{"href":"https:\/\/analyse.optim.biz\/index.php?rest_route=\/wp\/v2\/posts"}],"about":[{"href":"https:\/\/analyse.optim.biz\/index.php?rest_route=\/wp\/v2\/types\/post"}],"author":[{"embeddable":true,"href":"https:\/\/analyse.optim.biz\/index.php?rest_route=\/wp\/v2\/users\/1"}],"replies":[{"embeddable":true,"href":"https:\/\/analyse.optim.biz\/index.php?rest_route=%2Fwp%2Fv2%2Fcomments&post=361265"}],"version-history":[{"count":0,"href":"https:\/\/analyse.optim.biz\/index.php?rest_route=\/wp\/v2\/posts\/361265\/revisions"}],"wp:featuredmedia":[{"embeddable":true,"href":"https:\/\/analyse.optim.biz\/index.php?rest_route=\/wp\/v2\/media\/361266"}],"wp:attachment":[{"href":"https:\/\/analyse.optim.biz\/index.php?rest_route=%2Fwp%2Fv2%2Fmedia&parent=361265"}],"wp:term":[{"taxonomy":"category","embeddable":true,"href":"https:\/\/analyse.optim.biz\/index.php?rest_route=%2Fwp%2Fv2%2Fcategories&post=361265"},{"taxonomy":"post_tag","embeddable":true,"href":"https:\/\/analyse.optim.biz\/index.php?rest_route=%2Fwp%2Fv2%2Ftags&post=361265"}],"curies":[{"name":"wp","href":"https:\/\/api.w.org\/{rel}","templated":true}]}}