{"id":361081,"date":"2017-06-09T13:45:00","date_gmt":"2017-06-09T10:45:00","guid":{"rendered":"https:\/\/analyse.optim.biz\/?p=361081"},"modified":"2017-06-09T13:45:00","modified_gmt":"2017-06-09T10:45:00","slug":"gabriela-firea-data-in-judecata-de-usr-creeaza-tensiuni-mintind-cu-buna-stiinta","status":"publish","type":"post","link":"https:\/\/analyse.optim.biz\/?p=361081","title":{"rendered":"Gabriela Firea, dat\u0103 \u00een judecat\u0103 de USR: &#8220;Creeaz\u0103 tensiuni min\u0163ind cu bun\u0103 \u015ftiin\u0163\u0103&#8221;"},"content":{"rendered":"<div class=\"description\" data-key=\"description\">Uniunea Salva\u0163i Rom\u00e2nia a anun\u0163at, vineri, c\u0103 a depus ac\u0163iune \u00een instan\u0163\u0103 \u00eempotriva Gabrielei Firea pentru calomnie, acuz\u00e2nd-o c\u0103 a f\u0103cut \u00een mod deliberat afirma\u0163ii mincinoase referitoare la scandalul izbucnit la \u015fedin\u0163a Consiliului General al Municipiului Bucure\u015fti \u201dde natur\u0103 s\u0103-i \u00eenvr\u0103jbeasc\u0103 pe cet\u0103\u0163enii Capitalei\u201d.<\/div>\n<div class=\"articleBody\" data-key=\"articleBody\">Uniunea Salva\u0163i Rom\u00e2nia a anun\u0163at, vineri, c\u0103 a depus ac\u0163iune \u00een instan\u0163\u0103 \u00eempotriva Gabrielei Firea pentru calomnie, acuz\u00e2nd-o c\u0103 a f\u0103cut \u00een mod deliberat afirma\u0163ii mincinoase referitoare la scandalul izbucnit la \u015fedin\u0163a Consiliului General al Municipiului Bucure\u015fti \u201dde natur\u0103 s\u0103-i \u00eenvr\u0103jbeasc\u0103 pe cet\u0103\u0163enii Capitalei\u201d.<\/p>\n<p>\u201d\u00cen urma incidentelor petrecute la \u015fedin\u0163a Consiliului General al Municipiului Bucure\u015fti din 8 iunie 2017 &#8211; \u00een care mai mul\u0163i cet\u0103\u0163eni au solicitat s\u0103 asiste la \u015fedin\u0163\u0103 \u015fi au fost \u00eempiedica\u0163i de poli\u0163i\u015ftii locali s\u0103 intre \u00een sal\u0103 &#8211; primarul Gabriela Firea a f\u0103cut declara\u0163ii calomnioase la adresa USR, at\u00e2t \u00een media c\u00e2t \u015fi prin intermediul comunicatului de pres\u0103 oficial emis de municipalitate\u201d, transmite USR.<\/p>\n<p>Firea este acuzat c\u0103 a min\u0163it \u00een prezentarea incidentelor de la CGMB, cu scopul de a crea tesiuni \u00een r\u00e2ndul bucure\u015ftenilor. \u201d\u00cen calitatea ei de primar \u015fi func\u0163ionar public, Gabriela Firea a diseminat informa\u0163ii mincinoase, de\u015fi cuno\u015ftea caracterul fals al acestora. Afirma\u0163iile primarului sunt de natur\u0103 s\u0103-i \u00eenvr\u0103jbeasc\u0103 pe cet\u0103\u0163enii Capitalei, de aceea este de condamnat faptul c\u0103 tocmai primarul general, \u00een exercitarea atribu\u0163iilor sale, alege s\u0103 creeze tensiuni \u00een r\u00e2ndul popula\u0163iei, min\u0163ind cu bun\u0103 \u015ftiin\u0163\u0103\u201d, se arat\u0103 \u00een comunicatul de pres\u0103 al USR.<\/p>\n<p>Uniunea neag\u0103 orice implicare \u00een aducerea cet\u0103\u0163enilor la \u015fedin\u0163a de consiliu, consilierii USR limit\u00e2ndu-se doar la \u00eencercarea de a-i convinge pe poli\u0163i\u015ftii s\u0103 le deschid\u0103 u\u015fa celor care doreau s\u0103 asiste la consiliu. \u201d\u00cen acel moment, Alexandru G\u00e2diu\u0163\u0103 (consilier USR &#8211; n.red.) a fost agresat de c\u0103tre poli\u0163i\u015fti, la fel ca \u015fi cet\u0103\u0163enii care aveau tot dreptul legal s\u0103 asiste la \u015fedin\u0163\u0103. Din film\u0103rile f\u0103cute de mai multe persoane din diverse unghiuri se poate vedea clar cine pe cine agreseaz\u0103\u201d, precizeaz\u0103 sursa citat\u0103.<\/p>\n<p>De asemenea, USR vrea \u015fi sanc\u0163ionarea poli\u0163i\u015ftilor prezen\u0163i care ar fi fost cei care au recurs la agresiune fizic\u0103. \u201dColegul nostru Alexandru G\u00e2diu\u0163\u0103 a fost agresat de poli\u0163i\u015fti de\u015fi, \u00een momentul agresiunii, ap\u0103ra \u00een calitate de consilier drepturile cet\u0103\u0163enilor \u015fi respectarea legii (&#8230;) USR se va adresa superiorilor poli\u0163i\u015ftilor prezen\u0163i ieri la \u015fedint\u0103 pentru a sanc\u0163iona comportamentul acestora. \u00cen cadrul anchetei penale urmeaz\u0103 s\u0103 se stabileasc\u0103 \u00een ce temei au ac\u0163ionat politi\u015ftii locali, ce ordine scrise sau verbale au primit \u015fi de la cine\u201d, se mai spun \u00een comunicat.<\/p>\n<p>Primarul Capitalei, Gabriela Firea, a declarat, joi, la Antena 3, c\u0103 ia \u00een calcul s\u0103 solicite protec\u0163ie din partea SPP ca urmare a scandalului de la \u015fedin\u0163a Consiliului General. Firea a afirmat c\u0103 USR \u015fi cele trei ONG-uri care au intrat \u00een conflict cu poli\u0163ia local\u0103 sunt \u201dentit\u0103\u0163i fasciste sau cu apuc\u0103turi fasciste\u201d.<\/p>\n<p>Gabriela Firea a sus\u0163inut c\u0103 incidentele de la \u015fedin\u0163a de joi a Consiliului General au fost o ac\u0163iune organizat\u0103, concertat\u0103 \u015fi au avut o strategie \u00een spate.<\/p>\n<p>Primarul general nu a exclus ca cei implica\u0163i \u00een alterca\u0163ia cu poli\u0163i\u015ftii locali s\u0103 fi vrut \u201dlin\u015farea\u201d ei. \u201dC\u00e2nd am v\u0103zut ambuscada, eu m-am ridicat \u00een picioare \u015fi am vrut s\u0103 m\u0103 retrag, iar tot acest grup violent \u015fi agresiv se \u00eendrepta spre mine, deci eu eram cea vizat\u0103. Se dorea probabil lin\u015farea primarului general, dar au fost \u00eempiedica\u0163i s\u0103 ajung\u0103 \u00een proximitatea mea. \u00cemi pun \u00eentrebarea: mai pot s\u0103 vin la serviciu s\u0103-mi desf\u0103\u015for activitatea sau trebuie s\u0103 umblu cu SPP, bodyguarzi s\u0103 m\u0103 apere de trei ONG-uri finan\u0163ate de Soros?\u201d, a spus Firea.<\/p>\n<p>\u00centrebat\u0103 dac\u0103 are de g\u00e2nd s\u0103 solicite protec\u0163ie din partea SPP, Firea a spus: \u201dNu inten\u0163ionez s\u0103 apelez la SPP dar, probabil, la un moment dat, orice om rezonabil s-ar g\u00e2ndi la acest lucru. V\u0103z\u00e2nd c\u0103 USR \u00eempreun\u0103 cu trei ONG-uri s-au transformat \u00een entit\u0103\u0163i fasciste sau care au apuc\u0103turi fasciste, va trebui s\u0103 lu\u0103m \u015fi astfel de m\u0103suri.\u201d<\/p>\n<p>Gabriela Firea crede c\u0103 motivul alterca\u0163iei este faptul c\u0103 \u201danumi\u0163i clien\u0163i nu mai au acelea\u015fi favoruri\u201d. \u201dMi s-a transmis \u015fi direct, \u015fi prin intermediari, c\u0103 nu voi fi l\u0103sat\u0103 s\u0103-mi duc mandatul la bun sf\u00e2r\u015fit. A\u0163i v\u0103zut c\u0103 se str\u00e2ng \u015fi semn\u0103turi pentru demiterea primarului general\u201d, a mai precizat Firea.<\/p>\n<p>\u015eedin\u0163a Consiliului General al Municipiului Bucure\u015fti a fost \u00eentrerupt\u0103, joi, \u00een urma unui scandal izbucnit dup\u0103 ce poli\u0163i\u015ftii locali au \u00eempiedicat accesul mai multor cet\u0103\u0163eni, inclusiv reprezentan\u0163i ai societ\u0103\u0163ii civile, care au vrut s\u0103 intre la \u015fedin\u0163\u0103. \u00cen urma scandalului, primarul general, Gabriela Firea, a p\u0103r\u0103sit \u015fedin\u0163a. La sediul Prim\u0103riei au sosit un echipaj de Poli\u0163ie, dar \u015fi un echipaj SMURD, dup\u0103 ce trei poli\u0163i\u015fti locali ar fi fost r\u0103ni\u0163i \u00een busculad\u0103.<\/p>\n<p>Scandalul a izbucnit dup\u0103 ce mai multor bucure\u015fteni care au venit s\u0103 participe la \u015fedin\u0163\u0103 le-a fost interzis accesul \u00een sal\u0103, la un moment dat cre\u00e2ndu-se busculad\u0103. Oamenii au fost \u0163inu\u0163i la u\u015f\u0103 peste o or\u0103 \u015fi jum\u0103tate, timp \u00een care au existat \u00eembr\u00e2nceli cu poli\u0163i\u015ftii locali \u015fi cu angaja\u0163i ai prim\u0103riei.<\/p>\n<p>Sursa: News.ro\n<\/p><\/div>\n<p> Source URL: https:\/\/observatornews.ro\/politic\/gabriela-firea-data-in-judecata-de-usr-creeaza-tensiuni-mintind-cu-buna-stiinta-212879.html<\/p>\n","protected":false},"excerpt":{"rendered":"<p>Uniunea Salva\u0163i Rom\u00e2nia a anun\u0163at, vineri, c\u0103 a depus ac\u0163iune \u00een instan\u0163\u0103 \u00eempotriva Gabrielei Firea pentru calomnie, acuz\u00e2nd-o c\u0103 a f\u0103cut \u00een mod deliberat afirma\u0163ii mincinoase referitoare la scandalul izbucnit la \u015fedin\u0163a Consiliului General al Municipiului Bucure\u015fti \u201dde natur\u0103 s\u0103-i \u00eenvr\u0103jbeasc\u0103 pe cet\u0103\u0163enii Capitalei\u201d. Uniunea Salva\u0163i Rom\u00e2nia a anun\u0163at, vineri, c\u0103 a depus ac\u0163iune \u00een [&hellip;]<\/p>\n","protected":false},"author":1,"featured_media":361082,"comment_status":"open","ping_status":"","sticky":false,"template":"","format":"standard","meta":{"footnotes":""},"categories":[2],"tags":[30],"class_list":["post-361081","post","type-post","status-publish","format-standard","has-post-thumbnail","hentry","category-politics","tag-observatornews-ro"],"_links":{"self":[{"href":"https:\/\/analyse.optim.biz\/index.php?rest_route=\/wp\/v2\/posts\/361081","targetHints":{"allow":["GET"]}}],"collection":[{"href":"https:\/\/analyse.optim.biz\/index.php?rest_route=\/wp\/v2\/posts"}],"about":[{"href":"https:\/\/analyse.optim.biz\/index.php?rest_route=\/wp\/v2\/types\/post"}],"author":[{"embeddable":true,"href":"https:\/\/analyse.optim.biz\/index.php?rest_route=\/wp\/v2\/users\/1"}],"replies":[{"embeddable":true,"href":"https:\/\/analyse.optim.biz\/index.php?rest_route=%2Fwp%2Fv2%2Fcomments&post=361081"}],"version-history":[{"count":0,"href":"https:\/\/analyse.optim.biz\/index.php?rest_route=\/wp\/v2\/posts\/361081\/revisions"}],"wp:featuredmedia":[{"embeddable":true,"href":"https:\/\/analyse.optim.biz\/index.php?rest_route=\/wp\/v2\/media\/361082"}],"wp:attachment":[{"href":"https:\/\/analyse.optim.biz\/index.php?rest_route=%2Fwp%2Fv2%2Fmedia&parent=361081"}],"wp:term":[{"taxonomy":"category","embeddable":true,"href":"https:\/\/analyse.optim.biz\/index.php?rest_route=%2Fwp%2Fv2%2Fcategories&post=361081"},{"taxonomy":"post_tag","embeddable":true,"href":"https:\/\/analyse.optim.biz\/index.php?rest_route=%2Fwp%2Fv2%2Ftags&post=361081"}],"curies":[{"name":"wp","href":"https:\/\/api.w.org\/{rel}","templated":true}]}}